{"id":106481,"date":"2025-10-11T15:36:48","date_gmt":"2025-10-11T15:36:48","guid":{"rendered":"https:\/\/www.europesays.com\/pt\/106481\/"},"modified":"2025-10-11T15:36:48","modified_gmt":"2025-10-11T15:36:48","slug":"o-novo-rosto-das-ocupacoes-ilegais","status":"publish","type":"post","link":"https:\/\/www.europesays.com\/pt\/106481\/","title":{"rendered":"o novo rosto das ocupa\u00e7\u00f5es ilegais"},"content":{"rendered":"<p>As ocupa\u00e7\u00f5es ilegais em Espanha est\u00e3o a mudar de perfil. Depois de anos a centrarem-se em casas desabitadas, os chamados \u2018okupas\u2019 est\u00e3o agora a ocupar jardins privados, barcos atracados e terrenos rurais. O fen\u00f3meno, que se tem intensificado nos \u00faltimos meses, levanta novas preocupa\u00e7\u00f5es sobre seguran\u00e7a, legisla\u00e7\u00e3o e prote\u00e7\u00e3o da propriedade privada.<\/p>\n<p>De acordo com a publica\u00e7\u00e3o \u2018Huffington Post\u2019, esta tend\u00eancia est\u00e1 associada \u00e0 perce\u00e7\u00e3o de que estes espa\u00e7os s\u00e3o mais f\u00e1ceis de ocupar e mais dif\u00edceis de recuperar judicialmente, sobretudo em \u00e1reas afastadas ou com fiscaliza\u00e7\u00e3o limitada.<\/p>\n<p><strong>Jardins e barcos: os novos alvos preferidos<\/strong><\/p>\n<p>Nos \u00faltimos meses, multiplicaram-se os relatos de terrenos rurais transformados em acampamentos improvisados e barca\u00e7as ocupadas em portos espanh\u00f3is e franceses. Em alguns casos, os \u2018okupas\u2019 instalam-se temporariamente, deixando lixo, danos materiais ou provocando inc\u00eandios em zonas florestais.<\/p>\n<p>Os jardins e terrenos privados n\u00e3o gozam da mesma prote\u00e7\u00e3o legal das habita\u00e7\u00f5es, o que atrasa a interven\u00e7\u00e3o policial. Em certas regi\u00f5es, a recupera\u00e7\u00e3o do espa\u00e7o pode demorar semanas ou at\u00e9 meses, devido \u00e0s dificuldades em identificar os ocupantes e reunir provas de posse efetiva.<\/p>\n<p><strong>Falhas legais e respostas lentas agravam o problema<\/strong><\/p>\n<p>Especialistas em direito imobili\u00e1rio alertam que a legisla\u00e7\u00e3o atual \u00e9 insuficiente para lidar com estas novas formas de ocupa\u00e7\u00e3o. Muitos destes espa\u00e7os est\u00e3o registados como r\u00fasticos ou de uso secund\u00e1rio, e por isso n\u00e3o beneficiam das mesmas garantias processuais que protegem uma resid\u00eancia principal.<\/p>\n<p>As autoridades locais admitem que a lentid\u00e3o dos processos judiciais e a falta de recursos policiais em zonas rurais tornam o problema mais dif\u00edcil de combater. V\u00e1rios munic\u00edpios j\u00e1 estudam protocolos espec\u00edficos de resposta r\u00e1pida, mas os resultados ainda s\u00e3o incipientes.<\/p>\n<p><strong>Propriet\u00e1rios recorrem a seguran\u00e7a privada e barreiras f\u00edsicas<\/strong><\/p>\n<p>Face \u00e0 inefic\u00e1cia das medidas legais, cresce o n\u00famero de propriet\u00e1rios que optam por contratar vigil\u00e2ncia privada, instalar c\u00e2maras ou refor\u00e7ar cercas e port\u00f5es. No entanto, os especialistas sublinham que estas solu\u00e7\u00f5es s\u00e3o dispendiosas e, muitas vezes, apenas tempor\u00e1rias.<\/p>\n<p>Entidades ligadas \u00e0 defesa dos direitos de propriedade exigem uma reforma urgente da lei, que clarifique o estatuto jur\u00eddico dos terrenos e espa\u00e7os exteriores, tornando a a\u00e7\u00e3o das for\u00e7as de seguran\u00e7a mais imediata.<\/p>\n<p><strong>Um fen\u00f3meno social com m\u00faltiplas leituras<\/strong><\/p>\n<p>Alguns observadores lembram, contudo, que as novas ocupa\u00e7\u00f5es tamb\u00e9m refletem tens\u00f5es sociais e econ\u00f3micas crescentes. Com o pre\u00e7o da habita\u00e7\u00e3o a disparar e a escassez de arrendamento acess\u00edvel, certos grupos veem nestes espa\u00e7os \u201cvazios\u201d uma oportunidade de abrigo tempor\u00e1rio \u2014 embora fora da legalidade.<\/p>\n<p>Para j\u00e1, o Governo espanhol ainda n\u00e3o apresentou um plano espec\u00edfico para travar o avan\u00e7o destas ocupa\u00e7\u00f5es, que j\u00e1 afetam centenas de propriet\u00e1rios em todo o pa\u00eds, segundo o \u2018Huffington Post\u2019.<\/p>\n<p><strong>Vivenda em Girona devolvida gra\u00e7as a v\u00eddeo dos \u2018okupas\u2019<\/strong><\/p>\n<p>Uma not\u00edcia recente impressionou muitos em Espanha: uns propriet\u00e1rios em Gerona conseguiram finalmente entrar na sua casa ocupada \u2014 mas pouco depois foram obrigados pelas autoridades a entreg\u00e1-la de volta aos \u2018okupas\u2019, gra\u00e7as a um v\u00eddeo apresentado pelos pr\u00f3prios ocupantes. <\/p>\n<p>Os propriet\u00e1rios tinham estado \u00e0 espera de recuperar o im\u00f3vel durante meses, pois os \u2018okupas\u2019 tinha-se ausentado temporariamente. Eles aproveitaram essa oportunidade para reentrar na casa e tentar retomar a posse. No entanto, os \u2018okupas\u2019 apresentaram um v\u00eddeo em que apareciam a dormir e a cozinhar dentro da casa, alegando que aquela era a sua resid\u00eancia habitual. <\/p>\n<p>De acordo com as leis espanholas, se algu\u00e9m estiver dentro de uma casa durante 48 horas, pode-se entender que \u00e9 posse cont\u00ednua como resid\u00eancia habitual, o que pode exigir ordem judicial para o desalojo. Os \u2018okupas\u2019 usaram esse argumento diante da pol\u00edcia municipal. <\/p>\n","protected":false},"excerpt":{"rendered":"As ocupa\u00e7\u00f5es ilegais em Espanha est\u00e3o a mudar de perfil. Depois de anos a centrarem-se em casas desabitadas,&hellip;\n","protected":false},"author":2,"featured_media":106482,"comment_status":"","ping_status":"","sticky":false,"template":"","format":"standard","meta":{"footnotes":""},"categories":[50],"tags":[27,28,15,16,14,25,26,21,22,62,12,13,19,20,23,24,17,18,29,30,31,63,64,65],"class_list":{"0":"post-106481","1":"post","2":"type-post","3":"status-publish","4":"format-standard","5":"has-post-thumbnail","7":"category-mundo","8":"tag-breaking-news","9":"tag-breakingnews","10":"tag-featured-news","11":"tag-featurednews","12":"tag-headlines","13":"tag-latest-news","14":"tag-latestnews","15":"tag-main-news","16":"tag-mainnews","17":"tag-mundo","18":"tag-news","19":"tag-noticias","20":"tag-noticias-principais","21":"tag-noticiasprincipais","22":"tag-principais-noticias","23":"tag-principaisnoticias","24":"tag-top-stories","25":"tag-topstories","26":"tag-ultimas","27":"tag-ultimas-noticias","28":"tag-ultimasnoticias","29":"tag-world","30":"tag-world-news","31":"tag-worldnews"},"share_on_mastodon":{"url":"","error":""},"_links":{"self":[{"href":"https:\/\/www.europesays.com\/pt\/wp-json\/wp\/v2\/posts\/106481","targetHints":{"allow":["GET"]}}],"collection":[{"href":"https:\/\/www.europesays.com\/pt\/wp-json\/wp\/v2\/posts"}],"about":[{"href":"https:\/\/www.europesays.com\/pt\/wp-json\/wp\/v2\/types\/post"}],"author":[{"embeddable":true,"href":"https:\/\/www.europesays.com\/pt\/wp-json\/wp\/v2\/users\/2"}],"replies":[{"embeddable":true,"href":"https:\/\/www.europesays.com\/pt\/wp-json\/wp\/v2\/comments?post=106481"}],"version-history":[{"count":0,"href":"https:\/\/www.europesays.com\/pt\/wp-json\/wp\/v2\/posts\/106481\/revisions"}],"wp:featuredmedia":[{"embeddable":true,"href":"https:\/\/www.europesays.com\/pt\/wp-json\/wp\/v2\/media\/106482"}],"wp:attachment":[{"href":"https:\/\/www.europesays.com\/pt\/wp-json\/wp\/v2\/media?parent=106481"}],"wp:term":[{"taxonomy":"category","embeddable":true,"href":"https:\/\/www.europesays.com\/pt\/wp-json\/wp\/v2\/categories?post=106481"},{"taxonomy":"post_tag","embeddable":true,"href":"https:\/\/www.europesays.com\/pt\/wp-json\/wp\/v2\/tags?post=106481"}],"curies":[{"name":"wp","href":"https:\/\/api.w.org\/{rel}","templated":true}]}}