{"id":106486,"date":"2025-10-11T15:39:19","date_gmt":"2025-10-11T15:39:19","guid":{"rendered":"https:\/\/www.europesays.com\/pt\/106486\/"},"modified":"2025-10-11T15:39:19","modified_gmt":"2025-10-11T15:39:19","slug":"amalia-volta-a-ouvir-se-em-nova-iorque","status":"publish","type":"post","link":"https:\/\/www.europesays.com\/pt\/106486\/","title":{"rendered":"Am\u00e1lia volta a ouvir-se em Nova Iorque"},"content":{"rendered":"<p>&#13;<br \/>\n<b>D\u00e9cadas depois<\/b> do sucesso de Am\u00e1lia Rodrigues na Broadway, v\u00e3o ouvir-se as mesmas can\u00e7\u00f5es populares e o cancioneiro norte-americano que <b>Am\u00e1lia cantou e gravou<\/b>.\u00a0&#13;\n<\/p>\n<p>&#13;<br \/>\n&#13;<\/p>\n<p>&#13;<br \/>\nCom a <b>estreia absoluta da Orquestra Sinf\u00f3nica Portuguesa nos EUA<\/b>, cantam os fadistas <b>Cristina Branco, Raquel Tavares e Ricardo Ribeiro<\/b>.&#13;\n<\/p>\n<p>&#13;<br \/>\n&#13;<\/p>\n<p>&#13;<br \/>\n<b>O concerto \u00fanico em Nova Iorque<\/b>, encerra as <b>comemora\u00e7\u00f5es dos 40 anos da FLAD<\/b> &#8211; Funda\u00e7\u00e3o Luso-Americana para o Desenvolvimento.&#13;\n<\/p>\n<p>&#13;<br \/>\n&#13;<\/p>\n","protected":false},"excerpt":{"rendered":"&#13; D\u00e9cadas depois do sucesso de Am\u00e1lia Rodrigues na Broadway, v\u00e3o ouvir-se as mesmas can\u00e7\u00f5es populares e o&hellip;\n","protected":false},"author":2,"featured_media":106487,"comment_status":"","ping_status":"","sticky":false,"template":"","format":"standard","meta":{"footnotes":""},"categories":[145],"tags":[211,210,114,115,13,32,33,420,421],"class_list":{"0":"post-106486","1":"post","2":"type-post","3":"status-publish","4":"format-standard","5":"has-post-thumbnail","7":"category-celebridades","8":"tag-celebridades","9":"tag-celebrities","10":"tag-entertainment","11":"tag-entretenimento","12":"tag-noticias","13":"tag-portugal","14":"tag-pt","15":"tag-rtp","16":"tag-rtp-noticias"},"share_on_mastodon":{"url":"","error":""},"_links":{"self":[{"href":"https:\/\/www.europesays.com\/pt\/wp-json\/wp\/v2\/posts\/106486","targetHints":{"allow":["GET"]}}],"collection":[{"href":"https:\/\/www.europesays.com\/pt\/wp-json\/wp\/v2\/posts"}],"about":[{"href":"https:\/\/www.europesays.com\/pt\/wp-json\/wp\/v2\/types\/post"}],"author":[{"embeddable":true,"href":"https:\/\/www.europesays.com\/pt\/wp-json\/wp\/v2\/users\/2"}],"replies":[{"embeddable":true,"href":"https:\/\/www.europesays.com\/pt\/wp-json\/wp\/v2\/comments?post=106486"}],"version-history":[{"count":0,"href":"https:\/\/www.europesays.com\/pt\/wp-json\/wp\/v2\/posts\/106486\/revisions"}],"wp:featuredmedia":[{"embeddable":true,"href":"https:\/\/www.europesays.com\/pt\/wp-json\/wp\/v2\/media\/106487"}],"wp:attachment":[{"href":"https:\/\/www.europesays.com\/pt\/wp-json\/wp\/v2\/media?parent=106486"}],"wp:term":[{"taxonomy":"category","embeddable":true,"href":"https:\/\/www.europesays.com\/pt\/wp-json\/wp\/v2\/categories?post=106486"},{"taxonomy":"post_tag","embeddable":true,"href":"https:\/\/www.europesays.com\/pt\/wp-json\/wp\/v2\/tags?post=106486"}],"curies":[{"name":"wp","href":"https:\/\/api.w.org\/{rel}","templated":true}]}}