{"id":106488,"date":"2025-10-11T15:42:12","date_gmt":"2025-10-11T15:42:12","guid":{"rendered":"https:\/\/www.europesays.com\/pt\/106488\/"},"modified":"2025-10-11T15:42:12","modified_gmt":"2025-10-11T15:42:12","slug":"malu-galli-se-declara-para-o-marido-no-dia-do-aniversario-dele-te-amo","status":"publish","type":"post","link":"https:\/\/www.europesays.com\/pt\/106488\/","title":{"rendered":"Malu Galli se declara para o marido no dia do anivers\u00e1rio dele: &#8216;Te amo&#8217;"},"content":{"rendered":"\n<p class=\" content-text__container \" data-track-category=\"Link no Texto\" data-track-links=\"\"> &#8220;Viva voc\u00ea, meu amor. Sua vida, sua sa\u00fade, amor, intelig\u00eancia, talento, alegria. Hoje juntos aqui levando Nazinha pelo rio. Feliz anivers\u00e1rio. Te amo&#8221;, escreveu a atriz na legenda da foto. <\/p>\n<p class=\" content-text__container \" data-track-category=\"Link no Texto\" data-track-links=\"\"> A atriz e Afonso est\u00e3o em Bel\u00e9m, no Par\u00e1, onde acontece o C\u00edrio de Nazar\u00e9. Int\u00e9rprete de Celina em &#8216;<a class=\"\" href=\"https:\/\/oglobo.globo.com\/tudo-sobre\/novela\/vale-tudo\" rel=\"nofollow noopener\" target=\"_blank\">Vale tudo<\/a>&#8216;, Malu encerrou as grava\u00e7\u00f5es da novela das 21h no \u00faltimo s\u00e1bado (4). <\/p>\n<p class=\" content-text__container \" data-track-category=\"Link no Texto\" data-track-links=\"\"> Sua personagem \u00e9 uma das principais suspeitas de ter matado Odete Roitman (Debora Bloch). A identidade do assassino ser\u00e1 conhecida no \u00faltimo cap\u00edtulo, que vai ao ar no pr\u00f3ximo dia 17 de outubro. <\/p>\n","protected":false},"excerpt":{"rendered":"&#8220;Viva voc\u00ea, meu amor. Sua vida, sua sa\u00fade, amor, intelig\u00eancia, talento, alegria. Hoje juntos aqui levando Nazinha pelo&hellip;\n","protected":false},"author":2,"featured_media":106489,"comment_status":"","ping_status":"","sticky":false,"template":"","format":"standard","meta":{"footnotes":""},"categories":[142],"tags":[114,115,32,33,679,151,2323,2154],"class_list":{"0":"post-106488","1":"post","2":"type-post","3":"status-publish","4":"format-standard","5":"has-post-thumbnail","7":"category-tv","8":"tag-entertainment","9":"tag-entretenimento","10":"tag-portugal","11":"tag-pt","12":"tag-reportagem","13":"tag-tv","14":"tag-tv-globo","15":"tag-vale-tudo"},"share_on_mastodon":{"url":"","error":""},"_links":{"self":[{"href":"https:\/\/www.europesays.com\/pt\/wp-json\/wp\/v2\/posts\/106488","targetHints":{"allow":["GET"]}}],"collection":[{"href":"https:\/\/www.europesays.com\/pt\/wp-json\/wp\/v2\/posts"}],"about":[{"href":"https:\/\/www.europesays.com\/pt\/wp-json\/wp\/v2\/types\/post"}],"author":[{"embeddable":true,"href":"https:\/\/www.europesays.com\/pt\/wp-json\/wp\/v2\/users\/2"}],"replies":[{"embeddable":true,"href":"https:\/\/www.europesays.com\/pt\/wp-json\/wp\/v2\/comments?post=106488"}],"version-history":[{"count":0,"href":"https:\/\/www.europesays.com\/pt\/wp-json\/wp\/v2\/posts\/106488\/revisions"}],"wp:featuredmedia":[{"embeddable":true,"href":"https:\/\/www.europesays.com\/pt\/wp-json\/wp\/v2\/media\/106489"}],"wp:attachment":[{"href":"https:\/\/www.europesays.com\/pt\/wp-json\/wp\/v2\/media?parent=106488"}],"wp:term":[{"taxonomy":"category","embeddable":true,"href":"https:\/\/www.europesays.com\/pt\/wp-json\/wp\/v2\/categories?post=106488"},{"taxonomy":"post_tag","embeddable":true,"href":"https:\/\/www.europesays.com\/pt\/wp-json\/wp\/v2\/tags?post=106488"}],"curies":[{"name":"wp","href":"https:\/\/api.w.org\/{rel}","templated":true}]}}