{"id":106502,"date":"2025-10-11T15:57:52","date_gmt":"2025-10-11T15:57:52","guid":{"rendered":"https:\/\/www.europesays.com\/pt\/106502\/"},"modified":"2025-10-11T15:57:52","modified_gmt":"2025-10-11T15:57:52","slug":"montenegro-preve-vitorias-e-esquerda-quase-toda-junta-em-lisboa-no-fecho-da-campanha","status":"publish","type":"post","link":"https:\/\/www.europesays.com\/pt\/106502\/","title":{"rendered":"Montenegro prev\u00ea vit\u00f3rias e Esquerda (quase) toda junta em Lisboa no fecho da campanha"},"content":{"rendered":"<p>O \u00faltimo dia de campanha para as elei\u00e7\u00f5es aut\u00e1rquicas de domingo trouxe \u00e0 mem\u00f3ria o per\u00edodo da &#8220;Geringon\u00e7a&#8221;, entre 2015 e 2021, quando os l\u00edderes de ent\u00e3o do PS, Bloco de Esquerda e PCP estiveram envolvidos na mesma solu\u00e7\u00e3o governativa.<\/p>\n<p data-remotead-prev-elm=\"true\" data-remotead-elm-id=\"inread\">&#8220;A Geringon\u00e7a&#8221; morreu em outubro de 2021 com o chumbo do Or\u00e7amento para o ano seguinte, mas at\u00e9 pareceu que ressuscitou hoje, com imagens de Jos\u00e9 Lu\u00eds Carneiro (PS), Rui Tavares e Isabel Mendes Lopes (Livre), Mariana Mort\u00e1gua (BE) lado a lado na descida do Chiado.<\/p>\n<p>Na descida do Chiado tamb\u00e9m esteve a deputada \u00fanica do PAN, In\u00eas Sousa Real, mas faltou o PCP, que n\u00e3o aceitou integrar a coliga\u00e7\u00e3o da antiga ministra socialista em Lisboa.<\/p>\n<p data-remotead-prev-elm=\"true\" data-remotead-elm-id=\"centro1\"><img decoding=\"async\" class=\"ngx-body\" guid=\"aff18246-2385-48d7-8deb-38ef66c93897\" src=\"https:\/\/www.europesays.com\/pt\/wp-content\/uploads\/2025\/10\/1760198268_150_image.jpg\" width=\"100%\"\/>Foto: Tiago Petinga \/ Lusa<\/p>\n<p>Na Moita, no distrito de Set\u00fabal, quase \u00e0 mesma hora, o secret\u00e1rio-geral do PCP, Paulo Raimundo, atacava a gest\u00e3o socialista deste munic\u00edpio, que a CDU perdeu h\u00e1 quatro anos. E procurava tamb\u00e9m transmitir uma ideia de boa recetividade ao longo da campanha.<\/p>\n<p data-remotead-prev-elm=\"true\" data-remotead-elm-id=\"centro2\">&#8220;Se os resultados eleitorais traduzissem os sinais que tenho recebido nas ruas, ent\u00e3o n\u00f3s \u00edamos ter um resultado hist\u00f3rico. Sabemos que muitas vezes isso n\u00e3o tem tradu\u00e7\u00e3o no voto&#8221;, admitiu.<\/p>\n<p><img decoding=\"async\" class=\"ngx-body\" guid=\"300eba88-e164-4ecf-828c-dc36281f889a\" src=\"https:\/\/www.europesays.com\/pt\/wp-content\/uploads\/2025\/10\/1760198269_427_image.jpg\" width=\"100%\"\/>Foto: Tiago Petinga \/ Lusa<\/p>\n<p data-remotead-prev-elm=\"true\" data-remotead-elm-id=\"centro3\">Maior otimismo manifestou o presidente do PSD e primeiro-ministro, <a href=\"https:\/\/www.jn.pt\/nacional\/artigo\/montenegro-espera-celebrar-muitas-vitorias-incluindo-a-de-pedro-duarte\/18007306\" target=\"_blank\" rel=\"nofollow noopener\">Lu\u00eds Montenegro, em campanha no Porto<\/a>, cidade onde vai acompanhar a evolu\u00e7\u00e3o dos resultados ao longo da noite eleitoral de domingo.<\/p>\n<p>&#8220;Vamos celebrar muitas vit\u00f3rias, seguramente mais vit\u00f3rias do que derrotas ou insucessos. E estou convencido de que ser\u00e1 uma oportunidade de felicitar de viva voz e presencialmente o presidente da C\u00e2mara eleito [do Porto] que se vai chamar Pedro Duarte&#8221;, declarou.<\/p>\n<p data-remotead-prev-elm=\"true\" data-remotead-elm-id=\"centro4\"><img decoding=\"async\" class=\"ngx-body\" guid=\"ff3215c1-8a61-4664-979d-a0e38c015408\" src=\"https:\/\/www.europesays.com\/pt\/wp-content\/uploads\/2025\/10\/1760198270_366_image.jpg\" width=\"100%\"\/>Foto: Ant\u00f3nio Pedro Santos \/ Lusa<\/p>\n<p>J\u00e1 na noite anterior, em Lisboa, Lu\u00eds Montenegro tinha tentado passar essa mensagem de otimismo, falando mesmo numa reelei\u00e7\u00e3o do atual presidente da C\u00e2mara da capital, Carlos Moedas, com maioria absoluta.<\/p>\n<p data-remotead-prev-elm=\"true\" data-remotead-elm-id=\"centro5\">O secret\u00e1rio-geral do PS, Jos\u00e9 Lu\u00eds Carneiro, come\u00e7ou a manh\u00e3 em Sintra, onde procurou assegurar que as maiorias do seu partido nas c\u00e2maras v\u00e3o respeitar as oposi\u00e7\u00f5es.<\/p>\n<p>&#8220;Temos um grande sentido da humildade democr\u00e1tica e essa \u00e9 a raz\u00e3o para confiarem em n\u00f3s. Podem confiar-nos as maiorias nos munic\u00edpios, porque essas maiorias respeitar\u00e3o a pluralidade de pensamento, a diversidade de opini\u00f5es e far-se-\u00e1 com respeito pelas oposi\u00e7\u00f5es&#8221;, prometeu.<\/p>\n<p data-remotead-prev-elm=\"true\" data-remotead-elm-id=\"centro6\"><img decoding=\"async\" class=\"ngx-body\" guid=\"1e7e6c51-7128-44ec-a407-2698c2fdf76c\" src=\"https:\/\/www.europesays.com\/pt\/wp-content\/uploads\/2025\/10\/1760198271_624_image.jpg\" width=\"100%\"\/>Foto: Tiago Petinga \/ Lusa<\/p>\n<p>Em Braga, Andr\u00e9 Ventura, presidente do Chega &#8211; partido que nas aut\u00e1rquicas de 2021 n\u00e3o conquistou qualquer c\u00e2mara no pa\u00eds -, elevou a fasquia da sua for\u00e7a pol\u00edtica em rela\u00e7\u00e3o ao ato eleitoral de domingo.<\/p>\n<p>&#8220;Ganhar, o Chega vai sempre para ganhar, a meta \u00e9 ganhar. N\u00e3o temos outra meta que n\u00e3o seja ganhar. O Chega tornou-se o l\u00edder da oposi\u00e7\u00e3o, o l\u00edder da oposi\u00e7\u00e3o tem de querer ganhar. Em Braga, no Porto, no Algarve, em Ponta Delgada, ganhar&#8221;, disse.<\/p>\n<p><img decoding=\"async\" class=\"ngx-body\" guid=\"b341f03b-7643-4749-862c-50b628b4df47\" src=\"https:\/\/www.europesays.com\/pt\/wp-content\/uploads\/2025\/10\/1760198271_552_image.jpg\" width=\"100%\"\/>Foto: Miguel A. Lopes \/ Lusa<\/p>\n<p>J\u00e1 o porta-voz do Livre, Rui Tavares, em Sintra, numa iniciativa de campanha em que tamb\u00e9m esteve o secret\u00e1rio-geral do PS, optou antes por criticar as declara\u00e7\u00f5es do primeiro-ministro sobre uma alegada justi\u00e7a social inerente \u00e0 proposta do Governo de Or\u00e7amento para 2026.<\/p>\n<p>&#8220;\u00c9 um or\u00e7amento com uma marca de justi\u00e7a social? N\u00e3o \u00e9. E [Lu\u00eds] Montenegro n\u00e3o \u00e9 um pol\u00edtico que leva a peito e a s\u00e9rio a pol\u00edtica social. O que eu tenho visto \u00e9 um PSD que governa para pessoas que s\u00e3o parecidas com as elites que j\u00e1 est\u00e3o no pr\u00f3prio PSD&#8221;, sustentou.<\/p>\n<p><img decoding=\"async\" class=\"ngx-body\" guid=\"ddfe303b-1d16-48b7-bdb1-48ea21880bb8\" src=\"https:\/\/www.europesays.com\/pt\/wp-content\/uploads\/2025\/10\/1760198272_17_image.jpg\" width=\"100%\"\/>Foto: Tiago Petinga \/ Lusa<\/p>\n<p>Embora com uma linha de argumenta\u00e7\u00e3o diferente, tamb\u00e9m a presidente da Iniciativa Liberal, Mariana Leit\u00e3o, se mostrou cr\u00edtica da proposta de Or\u00e7amento apresentada pelo Governo na quinta-feira.<\/p>\n<p>Mariana Leit\u00e3o defendeu que a proposta de Or\u00e7amento &#8220;n\u00e3o muda muito&#8221; e, por isso, &#8220;\u00e9 normal que o PS n\u00e3o tenha grandes problemas com o documento&#8221;.<\/p>\n<p>Em rela\u00e7\u00e3o \u00e0s elei\u00e7\u00f5es de domingo, Mariana Leit\u00e3o afirmou-se satisfeita com a sua primeira campanha eleitoral como l\u00edder partid\u00e1ria e prometeu &#8220;retirar ila\u00e7\u00f5es&#8221; dos resultados, positivos ou negativos.<\/p>\n","protected":false},"excerpt":{"rendered":"O \u00faltimo dia de campanha para as elei\u00e7\u00f5es aut\u00e1rquicas de domingo trouxe \u00e0 mem\u00f3ria o per\u00edodo da &#8220;Geringon\u00e7a&#8221;,&hellip;\n","protected":false},"author":2,"featured_media":106503,"comment_status":"","ping_status":"","sticky":false,"template":"","format":"standard","meta":{"footnotes":""},"categories":[10],"tags":[27,28,17593,15,16,14,25,26,21,22,619,12,13,19,20,32,23,24,33,17,18,29,30,31],"class_list":{"0":"post-106502","1":"post","2":"type-post","3":"status-publish","4":"format-standard","5":"has-post-thumbnail","7":"category-portugal","8":"tag-breaking-news","9":"tag-breakingnews","10":"tag-eleicoes-autarquicas","11":"tag-featured-news","12":"tag-featurednews","13":"tag-headlines","14":"tag-latest-news","15":"tag-latestnews","16":"tag-main-news","17":"tag-mainnews","18":"tag-nacional","19":"tag-news","20":"tag-noticias","21":"tag-noticias-principais","22":"tag-noticiasprincipais","23":"tag-portugal","24":"tag-principais-noticias","25":"tag-principaisnoticias","26":"tag-pt","27":"tag-top-stories","28":"tag-topstories","29":"tag-ultimas","30":"tag-ultimas-noticias","31":"tag-ultimasnoticias"},"share_on_mastodon":{"url":"","error":""},"_links":{"self":[{"href":"https:\/\/www.europesays.com\/pt\/wp-json\/wp\/v2\/posts\/106502","targetHints":{"allow":["GET"]}}],"collection":[{"href":"https:\/\/www.europesays.com\/pt\/wp-json\/wp\/v2\/posts"}],"about":[{"href":"https:\/\/www.europesays.com\/pt\/wp-json\/wp\/v2\/types\/post"}],"author":[{"embeddable":true,"href":"https:\/\/www.europesays.com\/pt\/wp-json\/wp\/v2\/users\/2"}],"replies":[{"embeddable":true,"href":"https:\/\/www.europesays.com\/pt\/wp-json\/wp\/v2\/comments?post=106502"}],"version-history":[{"count":0,"href":"https:\/\/www.europesays.com\/pt\/wp-json\/wp\/v2\/posts\/106502\/revisions"}],"wp:featuredmedia":[{"embeddable":true,"href":"https:\/\/www.europesays.com\/pt\/wp-json\/wp\/v2\/media\/106503"}],"wp:attachment":[{"href":"https:\/\/www.europesays.com\/pt\/wp-json\/wp\/v2\/media?parent=106502"}],"wp:term":[{"taxonomy":"category","embeddable":true,"href":"https:\/\/www.europesays.com\/pt\/wp-json\/wp\/v2\/categories?post=106502"},{"taxonomy":"post_tag","embeddable":true,"href":"https:\/\/www.europesays.com\/pt\/wp-json\/wp\/v2\/tags?post=106502"}],"curies":[{"name":"wp","href":"https:\/\/api.w.org\/{rel}","templated":true}]}}