{"id":106507,"date":"2025-10-11T16:02:08","date_gmt":"2025-10-11T16:02:08","guid":{"rendered":"https:\/\/www.europesays.com\/pt\/106507\/"},"modified":"2025-10-11T16:02:08","modified_gmt":"2025-10-11T16:02:08","slug":"paolla-oliveira-recebe-elogios-ao-mostrar-novo-visual-ainda-mais-deslumbrante-celebridades","status":"publish","type":"post","link":"https:\/\/www.europesays.com\/pt\/106507\/","title":{"rendered":"Paolla Oliveira recebe elogios ao mostrar novo visual: &#8216;Ainda mais deslumbrante&#8217; | Celebridades"},"content":{"rendered":"<p>                                        Paolla Oliveira abandona loiro e surge morena &#8211; Reprodu\u00e7\u00e3o de v\u00eddeo \/ Instagram<\/p>\n<p class=\"content-media__description\">Paolla Oliveira abandona loiro e surge morenaReprodu\u00e7\u00e3o de v\u00eddeo \/ Instagram<\/p>\n<p>                                                        Publicado 11\/10\/2025 10:18 | Atualizado 11\/10\/2025 10:19\n                    <\/p>\n<p>Rio &#8211; Paolla Oliveira, de 43 anos, recebeu uma enxurrada de elogios ao mostrar o novo visual nas redes sociais, nesta sexta-feira (10). Com o fim das grava\u00e7\u00f5es da novela &#8220;Vale Tudo&#8221;, que ocupa a faixa das 21h da TV Globo, a int\u00e9rprete de Heleninha Roitman optou por abandonar o loiro e escurecer os fios.<\/p>\n<p>&#8220;Meu cabelo j\u00e1 viveu tantas fases comigo\u2026 e l\u00e1 vem mais uma! [&#8230;] Para mim, mudar o cabelo tamb\u00e9m \u00e9 um jeito de me reconectar. Voc\u00eas tamb\u00e9m sentem que cada mudan\u00e7a marca uma nova fase?&#8221;, escreveu a atriz na legenda da publica\u00e7\u00e3o, ao fazer publicidade para uma marca de cosm\u00e9ticos.<\/p>\n<p>No v\u00eddeo, a artista aparece durante a transforma\u00e7\u00e3o do cabelo.\u00a0&#8220;Quase todas as vezes que mudei assim de visual foi para viver uma personagem. Mas eu gosto de mudar&#8221;, disse ela. Ap\u00f3s surgir morena, avisou: &#8220;Pronto! Uma nova era&#8221;.<\/p>\n<p>O visual da atriz foi mais do que aprovado. &#8220;Gente, como assim? A mulher fica bonita com todas as cores&#8221;, &#8220;Eu amo seu cabelo assim&#8221;, &#8220;Maravilhosa&#8221;, &#8220;Sempre gata&#8221;, &#8220;Linda&#8221;, &#8220;A morena est\u00e1 viva&#8221;, &#8220;Lind\u00edssima, rainha&#8221;, &#8220;Eu amo! Morena tu est\u00e1 ainda mais deslumbrante&#8221;, &#8220;Como voc\u00ea \u00e9 perfeita, meu amor&#8221;, foram alguns dos coment\u00e1rios que exaltaram a beleza dela.<\/p>\n<p><strong>Reta final de &#8216;Vale Tudo&#8217;<\/strong><\/p>\n<p>A artista mudou o visual, j\u00e1 que o remake\u00a0est\u00e1 na reta final. O \u00faltimo cap\u00edtulo de &#8220;Vale Tudo&#8221; ser\u00e1 exibido nesta sexta-feira (17). <a href=\"https:\/\/odia.ig.com.br\/diversao\/televisao\/2025\/10\/7141373-vale-tudo-cena-da-morte-de-odete-roitman-quebra-internet.html\" rel=\"nofollow noopener\" target=\"_blank\">Muitos mist\u00e9rios ser\u00e3o desvendados, inclusive o cl\u00e1ssico &#8220;quem matou Odete Roitman?&#8221;<\/a>.<\/p>\n<p>A personagem da atriz, inclusive, \u00e9 uma das suspeitas. Al\u00e9m de Heleninha, Marco Aur\u00e9lio (Alexandre Nero), C\u00e9sar (Cau\u00e3 Reymond), Celina (Malu Galli) e Maria de F\u00e1tima (Bella Campos) tamb\u00e9m est\u00e3o sendo investigados pela pol\u00edcia como poss\u00edveis\u00a0assassinos da &#8216;vil\u00e3 das vil\u00e3s&#8217;. Na pr\u00f3xima segunda-feira (20), estreia a nova novela que ocupar\u00e1 a faixa das 21h da TV Globo, &#8220;Tr\u00eas Gra\u00e7as&#8221;.<\/p>\n","protected":false},"excerpt":{"rendered":"Paolla Oliveira abandona loiro e surge morena &#8211; Reprodu\u00e7\u00e3o de v\u00eddeo \/ Instagram Paolla Oliveira abandona loiro e&hellip;\n","protected":false},"author":2,"featured_media":106508,"comment_status":"","ping_status":"","sticky":false,"template":"","format":"standard","meta":{"footnotes":""},"categories":[142],"tags":[813,114,115,25514,12205,2927,3821,32,33,151,2154],"class_list":{"0":"post-106507","1":"post","2":"type-post","3":"status-publish","4":"format-standard","5":"has-post-thumbnail","7":"category-tv","8":"tag-atriz","9":"tag-entertainment","10":"tag-entretenimento","11":"tag-heleninha-roitman","12":"tag-novo-visual","13":"tag-paolla-oliveira","14":"tag-personagem","15":"tag-portugal","16":"tag-pt","17":"tag-tv","18":"tag-vale-tudo"},"share_on_mastodon":{"url":"","error":""},"_links":{"self":[{"href":"https:\/\/www.europesays.com\/pt\/wp-json\/wp\/v2\/posts\/106507","targetHints":{"allow":["GET"]}}],"collection":[{"href":"https:\/\/www.europesays.com\/pt\/wp-json\/wp\/v2\/posts"}],"about":[{"href":"https:\/\/www.europesays.com\/pt\/wp-json\/wp\/v2\/types\/post"}],"author":[{"embeddable":true,"href":"https:\/\/www.europesays.com\/pt\/wp-json\/wp\/v2\/users\/2"}],"replies":[{"embeddable":true,"href":"https:\/\/www.europesays.com\/pt\/wp-json\/wp\/v2\/comments?post=106507"}],"version-history":[{"count":0,"href":"https:\/\/www.europesays.com\/pt\/wp-json\/wp\/v2\/posts\/106507\/revisions"}],"wp:featuredmedia":[{"embeddable":true,"href":"https:\/\/www.europesays.com\/pt\/wp-json\/wp\/v2\/media\/106508"}],"wp:attachment":[{"href":"https:\/\/www.europesays.com\/pt\/wp-json\/wp\/v2\/media?parent=106507"}],"wp:term":[{"taxonomy":"category","embeddable":true,"href":"https:\/\/www.europesays.com\/pt\/wp-json\/wp\/v2\/categories?post=106507"},{"taxonomy":"post_tag","embeddable":true,"href":"https:\/\/www.europesays.com\/pt\/wp-json\/wp\/v2\/tags?post=106507"}],"curies":[{"name":"wp","href":"https:\/\/api.w.org\/{rel}","templated":true}]}}