{"id":106518,"date":"2025-10-11T16:11:07","date_gmt":"2025-10-11T16:11:07","guid":{"rendered":"https:\/\/www.europesays.com\/pt\/106518\/"},"modified":"2025-10-11T16:11:07","modified_gmt":"2025-10-11T16:11:07","slug":"medica-e-vitima-de-stalking-ha-4-anos-perdi-a-esperanca-na-justica","status":"publish","type":"post","link":"https:\/\/www.europesays.com\/pt\/106518\/","title":{"rendered":"M\u00e9dica \u00e9 v\u00edtima de &#8216;stalking&#8217; h\u00e1 4 anos: &#8220;Perdi a esperan\u00e7a na Justi\u00e7a&#8221;"},"content":{"rendered":"<p>Uma m\u00e9dica psiquiatra do Distrito Federal, no Brasil, diz estar a ser v\u00edtima de &#8216;stalking&#8217; h\u00e1 j\u00e1 quatro anos por parte de um antigo paciente.<\/p>\n<p>Laura Campos, de 34 anos, recorreu ao TikTok para exp\u00f4r o caso: \u201cEle teve duas consultas comigo em 2019, e depois eu nunca mais o vi. Dois anos depois, em abril de 2021, ele come\u00e7ou a seguir-me no Instagram\u201d.<\/p>\n<p>\u201cNo come\u00e7o, ele apenas reagia a alguns \u2018stories\u2019 [hist\u00f3rias, em portugu\u00eas], sem nada ofensivo. Mas depois, come\u00e7ou a mandar umas mensagens estranhas como: \u2018N\u00e3o precisa ter medo de mim\u2019. E a\u00ed eu bloqueei o perfil dele\u201d, recorda.<\/p>\n<p>Um m\u00eas depois de bloquear o antigo paciente, o homem apareceu no seu local de trabalho. Laura diz que n\u00e3o o reconheceu, mas que ele fez quest\u00e3o de lhe dizer que era &#8220;aquela pessoa que voc\u00ea bloqueou no Instagram faz um m\u00eas&#8221;.<\/p>\n<p>A psiquiatra, assustada, contactou o servi\u00e7o de seguran\u00e7a da cl\u00ednica e pediu que, a partir daquele momento, o homem fosse proibido de entrar no pr\u00e9dio.<\/p>\n<p>&#8220;Achei que resolveria, mas tr\u00eas dias depois ele voltou&#8221;. E, at\u00e9 hoje, insiste em regressar e atormentar Laura.<\/p>\n<p>\u201cA minha vida virou um inferno, pois ele come\u00e7ou a aparecer quase diariamente. Mandava v\u00e1rias mensagens que, \u00e0s vezes, eram amorosas, e outras eram amea\u00e7adoras\u201d, recorda.<\/p>\n<blockquote class=\"tiktok-embed\" style=\"max-width: 605px; min-width: 325px;\" data-video-id=\"7535255270893653304\"><p>&#13;<br \/>\n                                                    <a href=\"https:\/\/www.tiktok.com\/@lauracampos.e?refer=embed\" target=\"_blank\" title=\"@lauracampos.e\" rel=\"noopener nofollow\">@lauracampos.e<\/a> que sirva de alerta pra voc\u00eas! <a href=\"https:\/\/www.tiktok.com\/tag\/seguran%C3%A7adamulher?refer=embed\" target=\"_blank\" title=\"seguran\u00e7adamulher\" rel=\"noopener nofollow\">#seguran\u00e7adamulher<\/a> <a href=\"https:\/\/www.tiktok.com\/tag\/feminicidionuncamais?refer=embed\" target=\"_blank\" title=\"feminicidionuncamais\" rel=\"noopener nofollow\">#feminicidionuncamais<\/a> <a href=\"https:\/\/www.tiktok.com\/tag\/perseguicao?refer=embed\" target=\"_blank\" title=\"perseguicao\" rel=\"noopener nofollow\">#perseguicao<\/a> <a href=\"https:\/\/www.tiktok.com\/tag\/stalking?refer=embed\" target=\"_blank\" title=\"stalking\" rel=\"noopener nofollow\">#stalking<\/a> <a href=\"https:\/\/www.tiktok.com\/music\/som-original-7535255288648715014?refer=embed\" target=\"_blank\" title=\" som original - Laura Campos\" rel=\"noopener nofollow\"> som original &#8211; Laura Campos<\/a>&#13;\n                                                    <\/p><\/blockquote>\n<p>Em entrevista ao g1, Laura relata que denunciou o ass\u00e9dio \u00e0s autoridades e pediu prote\u00e7\u00e3o policial, devido \u00e0 persegui\u00e7\u00e3o por parte do antigo paciente. O sistema concedeu-lhe as medidas protetivas, mas o homem continuou a persegui-la, desrespeitando as ordens das autoridades.<\/p>\n<p>\u201cEu contratei um advogado e entrei com um processo contra ele\u201d, diz Laura. \u201cMas depois de ser avaliado por um psiquiatra forense, ele foi considerado inimput\u00e1vel, por ter transtornos ps\u00edquicos\u201d, afirma.<\/p>\n<p>Sem mais nada a que recorrer, Laura trocou de local de trabalho e, neste momento, faz atendimentos apenas online, com medo de se deparar, de novo, com o ex-paciente.<\/p>\n<p>Numa situa\u00e7\u00e3o normal, a lei brasileira prev\u00ea que a pena para crimes de persegui\u00e7\u00e3o possa ir dos seis meses aos 2 anos de pris\u00e3o. Contudo, sendo considerado inimput\u00e1vel, o antigo paciente de Laura nunca poder\u00e1 ser preso e cumprir uma senten\u00e7a.<\/p>\n<p>\u201cO m\u00e1ximo que acontece \u00e9 ele ser internado at\u00e9 estabilizar. Depois, deveria continuar acompanhamento no CAPS (Centro de Aten\u00e7\u00e3o Psicossocial), mas isso n\u00e3o acontece\u201d, confessa.<\/p>\n<p>Ali\u00e1s, o homem j\u00e1 foi internado duas vezes, por ordem do tribunal exatamente devido a cenas de persegui\u00e7\u00e3o a Laura. Em ambas, quando saiu regressou ao seu comportamento normal e a seguir a m\u00e9dica.<\/p>\n<p>\u201cO \u00faltimo contacto dele foi em 8 de setembro. Ele tem esses momentos de del\u00edrio e tentar entrar em contacto\u201d, relata Laura, acrescentando que ele est\u00e1 bloqueado em todas as redes sociais e no WhatsApp e que s\u00f3 a consegue contactar por e-mail.<\/p>\n<p>\u201cAcabo usando os e-mails com forma de saber quando ele est\u00e1 em surto e me proteger ainda mais nesses momentos\u201d, esclarece Laura, que n\u00e3o v\u00ea outra forma de assegurar a sua pr\u00f3pria seguran\u00e7a, quando h\u00e1 quatro anos que as autoridades nada fazem.<\/p>\n<p>\u201cEu perdi as esperan\u00e7as na Justi\u00e7a\u201d, confessa. \u201cEu acabo me sentindo desamparada judicialmente. Porque mesmo a Justi\u00e7a sabendo que eu tenho um \u2018stalker\u2019, nada pode ser feito, e a persegui\u00e7\u00e3o continua\u201d, refere.<\/p>\n<p>Laura diz que j\u00e1 gastou \u201cmuito dinheiro com advogado\u201d, acabando por desistir ao perceber que \u201cn\u00e3o adiantava nada\u201d. No fim, apesar de todos os seus esfor\u00e7os, o homem voltava sempre a persegui-la, sem consequ\u00eancias judiciais.<\/p>\n<p>Leia Tamb\u00e9m: <a href=\"https:\/\/www.noticiasaominuto.com\/mundo\/2868522\/brasil-tira-2-milhoes-da-fome-grave-e-volta-ao-menor-patamar-da-historia\" target=\"_blank\" rel=\"noopener noreferrer nofollow\">Brasil tira 2 milh\u00f5es da fome grave e volta ao menor patamar da hist\u00f3ria<\/a><\/p>\n<p>                                            <script async src=\"\/\/www.tiktok.com\/embed.js\"><\/script><\/p>\n","protected":false},"excerpt":{"rendered":"Uma m\u00e9dica psiquiatra do Distrito Federal, no Brasil, diz estar a ser v\u00edtima de &#8216;stalking&#8217; h\u00e1 j\u00e1 quatro&hellip;\n","protected":false},"author":2,"featured_media":106519,"comment_status":"","ping_status":"","sticky":false,"template":"","format":"standard","meta":{"footnotes":""},"categories":[50],"tags":[27,28,15,16,14,25,26,21,22,62,12,13,19,20,23,24,17,18,29,30,31,63,64,65],"class_list":{"0":"post-106518","1":"post","2":"type-post","3":"status-publish","4":"format-standard","5":"has-post-thumbnail","7":"category-mundo","8":"tag-breaking-news","9":"tag-breakingnews","10":"tag-featured-news","11":"tag-featurednews","12":"tag-headlines","13":"tag-latest-news","14":"tag-latestnews","15":"tag-main-news","16":"tag-mainnews","17":"tag-mundo","18":"tag-news","19":"tag-noticias","20":"tag-noticias-principais","21":"tag-noticiasprincipais","22":"tag-principais-noticias","23":"tag-principaisnoticias","24":"tag-top-stories","25":"tag-topstories","26":"tag-ultimas","27":"tag-ultimas-noticias","28":"tag-ultimasnoticias","29":"tag-world","30":"tag-world-news","31":"tag-worldnews"},"share_on_mastodon":{"url":"","error":""},"_links":{"self":[{"href":"https:\/\/www.europesays.com\/pt\/wp-json\/wp\/v2\/posts\/106518","targetHints":{"allow":["GET"]}}],"collection":[{"href":"https:\/\/www.europesays.com\/pt\/wp-json\/wp\/v2\/posts"}],"about":[{"href":"https:\/\/www.europesays.com\/pt\/wp-json\/wp\/v2\/types\/post"}],"author":[{"embeddable":true,"href":"https:\/\/www.europesays.com\/pt\/wp-json\/wp\/v2\/users\/2"}],"replies":[{"embeddable":true,"href":"https:\/\/www.europesays.com\/pt\/wp-json\/wp\/v2\/comments?post=106518"}],"version-history":[{"count":0,"href":"https:\/\/www.europesays.com\/pt\/wp-json\/wp\/v2\/posts\/106518\/revisions"}],"wp:featuredmedia":[{"embeddable":true,"href":"https:\/\/www.europesays.com\/pt\/wp-json\/wp\/v2\/media\/106519"}],"wp:attachment":[{"href":"https:\/\/www.europesays.com\/pt\/wp-json\/wp\/v2\/media?parent=106518"}],"wp:term":[{"taxonomy":"category","embeddable":true,"href":"https:\/\/www.europesays.com\/pt\/wp-json\/wp\/v2\/categories?post=106518"},{"taxonomy":"post_tag","embeddable":true,"href":"https:\/\/www.europesays.com\/pt\/wp-json\/wp\/v2\/tags?post=106518"}],"curies":[{"name":"wp","href":"https:\/\/api.w.org\/{rel}","templated":true}]}}