{"id":106538,"date":"2025-10-11T16:26:08","date_gmt":"2025-10-11T16:26:08","guid":{"rendered":"https:\/\/www.europesays.com\/pt\/106538\/"},"modified":"2025-10-11T16:26:08","modified_gmt":"2025-10-11T16:26:08","slug":"mulher-morre-atacada-por-carneiro-no-quintal-em-fafe","status":"publish","type":"post","link":"https:\/\/www.europesays.com\/pt\/106538\/","title":{"rendered":"Mulher morre atacada por carneiro no quintal em Fafe"},"content":{"rendered":"<p>A v\u00edtima, de 60 anos, solteira, residia sozinha numa casa da Rua de S\u00e3o Sebasti\u00e3o, freguesia de Revelhe, no concelho de Fafe. Uma vizinha foi alertada pelos gritos da v\u00edtima, que lhe contou ter sido atacada pelo animal, quando se encontrava no quintal.<\/p>\n<p data-remotead-prev-elm=\"true\" data-remotead-elm-id=\"inread\">Os Bombeiros Volunt\u00e1rios de Fafe foram os primeiros a chegar ao local e a prestar os primeiros socorros \u00e0 sexagen\u00e1ria.<\/p>\n<p>Logo a seguir, equipas de Suporte Imediato de Vida (SIV) de Fafe e da Viatura M\u00e9dica de Emerg\u00eancia e Reanima\u00e7\u00e3o (VMER) de Guimar\u00e3es do INEM avan\u00e7aram para o local da ocorr\u00eancia, onde foi depois declarado o \u00f3bito, pela equipa m\u00e9dica do INEM.<\/p>\n<p data-remotead-prev-elm=\"true\" data-remotead-elm-id=\"centro1\">Os Bombeiros Volunt\u00e1rios de Fafe transportaram o corpo ao Gabinete M\u00e9dico-Legal e Forense do Ave, em Guimar\u00e3es, a fim de ser autopsiado, para esclarecer as causas da morte. A ocorr\u00eancia foi registada pelo posto territorial da GNR de Fafe.<\/p>\n","protected":false},"excerpt":{"rendered":"A v\u00edtima, de 60 anos, solteira, residia sozinha numa casa da Rua de S\u00e3o Sebasti\u00e3o, freguesia de Revelhe,&hellip;\n","protected":false},"author":2,"featured_media":106539,"comment_status":"","ping_status":"","sticky":false,"template":"","format":"standard","meta":{"footnotes":""},"categories":[10],"tags":[27,28,25529,15,16,14,25,26,21,22,12,13,19,20,32,23,24,33,17,18,29,30,31],"class_list":{"0":"post-106538","1":"post","2":"type-post","3":"status-publish","4":"format-standard","5":"has-post-thumbnail","7":"category-portugal","8":"tag-breaking-news","9":"tag-breakingnews","10":"tag-concelho-fafe","11":"tag-featured-news","12":"tag-featurednews","13":"tag-headlines","14":"tag-latest-news","15":"tag-latestnews","16":"tag-main-news","17":"tag-mainnews","18":"tag-news","19":"tag-noticias","20":"tag-noticias-principais","21":"tag-noticiasprincipais","22":"tag-portugal","23":"tag-principais-noticias","24":"tag-principaisnoticias","25":"tag-pt","26":"tag-top-stories","27":"tag-topstories","28":"tag-ultimas","29":"tag-ultimas-noticias","30":"tag-ultimasnoticias"},"share_on_mastodon":{"url":"","error":""},"_links":{"self":[{"href":"https:\/\/www.europesays.com\/pt\/wp-json\/wp\/v2\/posts\/106538","targetHints":{"allow":["GET"]}}],"collection":[{"href":"https:\/\/www.europesays.com\/pt\/wp-json\/wp\/v2\/posts"}],"about":[{"href":"https:\/\/www.europesays.com\/pt\/wp-json\/wp\/v2\/types\/post"}],"author":[{"embeddable":true,"href":"https:\/\/www.europesays.com\/pt\/wp-json\/wp\/v2\/users\/2"}],"replies":[{"embeddable":true,"href":"https:\/\/www.europesays.com\/pt\/wp-json\/wp\/v2\/comments?post=106538"}],"version-history":[{"count":0,"href":"https:\/\/www.europesays.com\/pt\/wp-json\/wp\/v2\/posts\/106538\/revisions"}],"wp:featuredmedia":[{"embeddable":true,"href":"https:\/\/www.europesays.com\/pt\/wp-json\/wp\/v2\/media\/106539"}],"wp:attachment":[{"href":"https:\/\/www.europesays.com\/pt\/wp-json\/wp\/v2\/media?parent=106538"}],"wp:term":[{"taxonomy":"category","embeddable":true,"href":"https:\/\/www.europesays.com\/pt\/wp-json\/wp\/v2\/categories?post=106538"},{"taxonomy":"post_tag","embeddable":true,"href":"https:\/\/www.europesays.com\/pt\/wp-json\/wp\/v2\/tags?post=106538"}],"curies":[{"name":"wp","href":"https:\/\/api.w.org\/{rel}","templated":true}]}}