{"id":106556,"date":"2025-10-11T16:41:09","date_gmt":"2025-10-11T16:41:09","guid":{"rendered":"https:\/\/www.europesays.com\/pt\/106556\/"},"modified":"2025-10-11T16:41:09","modified_gmt":"2025-10-11T16:41:09","slug":"fogo-na-povoa-de-lanhoso-esta-a-ser-combatido-por-8-meios-aereos","status":"publish","type":"post","link":"https:\/\/www.europesays.com\/pt\/106556\/","title":{"rendered":"Fogo na P\u00f3voa de Lanhoso est\u00e1 a ser combatido por 8 meios a\u00e9reos"},"content":{"rendered":"<p id=\"block-1\">Um inc\u00eandio que deflagrou hoje na freguesia de Brunhais, na P\u00f3voa de Lanhoso, no distrito de Braga, est\u00e1 a ser combatido por oito meios a\u00e9reos e mais de 50 operacionais, disse \u00e0 Lusa fonte da Prote\u00e7\u00e3o Civil.<\/p>\n<p id=\"block-2\">Segundo fonte do Comando Sub-Regional do Ave, o alerta para o fogo foi dado \u00e0s 11:42, sendo que o inc\u00eandio lavra &#8220;numa zona de mato&#8221;.<\/p>\n<p id=\"block-3\">A mesma fonte referiu que &#8220;n\u00e3o h\u00e1 habita\u00e7\u00f5es em risco.<\/p>\n<p id=\"block-4\">No total, combatem aquele inc\u00eandio 52 operacionais, apoiados por 13 viaturas e oito meios a\u00e9reos (avi\u00f5es e helic\u00f3pteros).<\/p>\n","protected":false},"excerpt":{"rendered":"Um inc\u00eandio que deflagrou hoje na freguesia de Brunhais, na P\u00f3voa de Lanhoso, no distrito de Braga, est\u00e1&hellip;\n","protected":false},"author":2,"featured_media":106557,"comment_status":"","ping_status":"","sticky":false,"template":"","format":"standard","meta":{"footnotes":""},"categories":[10],"tags":[27,28,15,16,14,25,26,21,22,12,13,19,20,32,23,24,33,17,18,29,30,31],"class_list":{"0":"post-106556","1":"post","2":"type-post","3":"status-publish","4":"format-standard","5":"has-post-thumbnail","7":"category-portugal","8":"tag-breaking-news","9":"tag-breakingnews","10":"tag-featured-news","11":"tag-featurednews","12":"tag-headlines","13":"tag-latest-news","14":"tag-latestnews","15":"tag-main-news","16":"tag-mainnews","17":"tag-news","18":"tag-noticias","19":"tag-noticias-principais","20":"tag-noticiasprincipais","21":"tag-portugal","22":"tag-principais-noticias","23":"tag-principaisnoticias","24":"tag-pt","25":"tag-top-stories","26":"tag-topstories","27":"tag-ultimas","28":"tag-ultimas-noticias","29":"tag-ultimasnoticias"},"share_on_mastodon":{"url":"","error":""},"_links":{"self":[{"href":"https:\/\/www.europesays.com\/pt\/wp-json\/wp\/v2\/posts\/106556","targetHints":{"allow":["GET"]}}],"collection":[{"href":"https:\/\/www.europesays.com\/pt\/wp-json\/wp\/v2\/posts"}],"about":[{"href":"https:\/\/www.europesays.com\/pt\/wp-json\/wp\/v2\/types\/post"}],"author":[{"embeddable":true,"href":"https:\/\/www.europesays.com\/pt\/wp-json\/wp\/v2\/users\/2"}],"replies":[{"embeddable":true,"href":"https:\/\/www.europesays.com\/pt\/wp-json\/wp\/v2\/comments?post=106556"}],"version-history":[{"count":0,"href":"https:\/\/www.europesays.com\/pt\/wp-json\/wp\/v2\/posts\/106556\/revisions"}],"wp:featuredmedia":[{"embeddable":true,"href":"https:\/\/www.europesays.com\/pt\/wp-json\/wp\/v2\/media\/106557"}],"wp:attachment":[{"href":"https:\/\/www.europesays.com\/pt\/wp-json\/wp\/v2\/media?parent=106556"}],"wp:term":[{"taxonomy":"category","embeddable":true,"href":"https:\/\/www.europesays.com\/pt\/wp-json\/wp\/v2\/categories?post=106556"},{"taxonomy":"post_tag","embeddable":true,"href":"https:\/\/www.europesays.com\/pt\/wp-json\/wp\/v2\/tags?post=106556"}],"curies":[{"name":"wp","href":"https:\/\/api.w.org\/{rel}","templated":true}]}}