{"id":106564,"date":"2025-10-11T16:48:17","date_gmt":"2025-10-11T16:48:17","guid":{"rendered":"https:\/\/www.europesays.com\/pt\/106564\/"},"modified":"2025-10-11T16:48:17","modified_gmt":"2025-10-11T16:48:17","slug":"podia-ter-sido-um-documentario-observador","status":"publish","type":"post","link":"https:\/\/www.europesays.com\/pt\/106564\/","title":{"rendered":"podia ter sido um document\u00e1rio \u2013 Observador"},"content":{"rendered":"<p>Quando vi que estava para sair uma s\u00e9rie documental sobre a Victoria Beckham, pensei \u201cMacacos me mordam, outra? N\u00e3o houve j\u00e1 um document\u00e1rio sobre a Posh Spice?\u201d. Esgravatei a minha mem\u00f3ria com afinco, depois desisti e fui ao Google. E percebi que o que me estava a confundir era o document\u00e1rio sobre o homem que lhe cedeu o apelido e as \u201cgolden balls\u201d (estou a cit\u00e1-la, n\u00e3o me julguem. Se a Posh pode, esta r\u00fastica tamb\u00e9m pode).<\/p>\n<p>Foi a\u00ed que me lembrei de um momento muito partilhado e comentado em que Victoria dizia que uma das coisas que tinha em comum com o seu Becks era o facto de ambos serem de fam\u00edlias \u201cworking class\u201d. E nesse momento o marido, que estava na sala ao lado, enfia a cabe\u00e7a pela porta e aperta com ela repetindo: \u201cS\u00ea honesta! S\u00ea honesta!\u201d. N\u00e3o satisfeito com a resposta indignada da mulher que garantia estar a ser honesta, Beckham desafia-a: \u201cDiz \u00e0s pessoas com que carro \u00e9 que o teu pai te levava \u00e0 escola?\u201d. E depois de balbuciar e se engasgar e tal, Victoria responde: \u201cNos anos 80, o meu pai tinha um Rolls Royce\u201d. \u201cBingo!\u201d, ter\u00e1 pensado o realizador.<\/p>\n<p>Mas a verdade \u00e9 que fazer um document\u00e1rio de quatro epis\u00f3dios sobre um jogador que venceu seis Premier Leagues e uma Champions no United \u2014 e ainda foi campe\u00e3o em Espanha, nos Estados Unidos e em Fran\u00e7a \u2014 e o que d\u00e1 que falar \u00e9 um momento sobre o parque autom\u00f3vel do sogro do protagonista, n\u00e3o deve ser f\u00e1cil.<\/p>\n<p><strong>[o trailer de \u201cVictoria Beckham\u201d:]<\/strong><\/p>\n<p>Facto \u00e9 que, na altura, n\u00e3o tinha vista o dito document\u00e1rio sobre o ex-futebolista, mas achei por bem v\u00ea-lo agora, em modo aquecimento, at\u00e9 porque os produtores s\u00e3o os mesmos. E esta vai para minha extensa lista de m\u00e1s decis\u00f5es. Explico porqu\u00ea mais \u00e0 frente, porque o momento \u00e9 dela, o document\u00e1rio \u00e9 sobre ela: Victoria Beckham, antes Posh Spice e Adams de nascen\u00e7a. Mas ser\u00e1 mesmo sobre ela?<\/p>\n<p>Devo dizer que n\u00e3o lhe tinha simpatia especial, mas tamb\u00e9m n\u00e3o lhe tinha nenhum ran\u00e7o particular. Nunca tive nada contra o Girl Power, mas o fen\u00f3meno da girl\u00a0band passou-me ao lado. Certo \u00e9 que, apesar do estilo musical n\u00e3o ser a minha praia, cheguei a abanar o quadril ao som de um Wannabe\u00a0e entoei numa ou noutra circunst\u00e2ncia, a plenos pulm\u00f5es, \u201cPeople of the world! Spice up your life!\u201d, com um copo de vodka Redbull na m\u00e3o (saudades do meu inabal\u00e1vel f\u00edgado universit\u00e1rio). Dica para um daqueles domingos \u00e0 tarde, em que queremos fornecer ao c\u00e9rebro o n\u00edvel de atividade de flocos de Nestum a transformar-se em argamassa, num ta\u00e7a de leite: Spice World \u2014 O Filme. Aposto que nunca ningu\u00e9m no Observador tinha feito esta recomenda\u00e7\u00e3o. Sempre a surpreender.<\/p>\n","protected":false},"excerpt":{"rendered":"Quando vi que estava para sair uma s\u00e9rie documental sobre a Victoria Beckham, pensei \u201cMacacos me mordam, outra?&hellip;\n","protected":false},"author":2,"featured_media":106565,"comment_status":"","ping_status":"","sticky":false,"template":"","format":"standard","meta":{"footnotes":""},"categories":[140],"tags":[315,114,115,147,148,146,32,33,1749],"class_list":{"0":"post-106564","1":"post","2":"type-post","3":"status-publish","4":"format-standard","5":"has-post-thumbnail","7":"category-filmes","8":"tag-cultura","9":"tag-entertainment","10":"tag-entretenimento","11":"tag-film","12":"tag-filmes","13":"tag-movies","14":"tag-portugal","15":"tag-pt","16":"tag-su00e9ries"},"share_on_mastodon":{"url":"","error":""},"_links":{"self":[{"href":"https:\/\/www.europesays.com\/pt\/wp-json\/wp\/v2\/posts\/106564","targetHints":{"allow":["GET"]}}],"collection":[{"href":"https:\/\/www.europesays.com\/pt\/wp-json\/wp\/v2\/posts"}],"about":[{"href":"https:\/\/www.europesays.com\/pt\/wp-json\/wp\/v2\/types\/post"}],"author":[{"embeddable":true,"href":"https:\/\/www.europesays.com\/pt\/wp-json\/wp\/v2\/users\/2"}],"replies":[{"embeddable":true,"href":"https:\/\/www.europesays.com\/pt\/wp-json\/wp\/v2\/comments?post=106564"}],"version-history":[{"count":0,"href":"https:\/\/www.europesays.com\/pt\/wp-json\/wp\/v2\/posts\/106564\/revisions"}],"wp:featuredmedia":[{"embeddable":true,"href":"https:\/\/www.europesays.com\/pt\/wp-json\/wp\/v2\/media\/106565"}],"wp:attachment":[{"href":"https:\/\/www.europesays.com\/pt\/wp-json\/wp\/v2\/media?parent=106564"}],"wp:term":[{"taxonomy":"category","embeddable":true,"href":"https:\/\/www.europesays.com\/pt\/wp-json\/wp\/v2\/categories?post=106564"},{"taxonomy":"post_tag","embeddable":true,"href":"https:\/\/www.europesays.com\/pt\/wp-json\/wp\/v2\/tags?post=106564"}],"curies":[{"name":"wp","href":"https:\/\/api.w.org\/{rel}","templated":true}]}}