{"id":106606,"date":"2025-10-11T17:28:13","date_gmt":"2025-10-11T17:28:13","guid":{"rendered":"https:\/\/www.europesays.com\/pt\/106606\/"},"modified":"2025-10-11T17:28:13","modified_gmt":"2025-10-11T17:28:13","slug":"horario-do-cafe-da-manha-pode-impactar-no-envelhecimento-saudavel","status":"publish","type":"post","link":"https:\/\/www.europesays.com\/pt\/106606\/","title":{"rendered":"Hor\u00e1rio do caf\u00e9 da manh\u00e3 pode impactar no envelhecimento saud\u00e1vel"},"content":{"rendered":"<p>A <a href=\"https:\/\/www.metropoles.com\/colunas\/claudia-meireles\" target=\"_blank\" rel=\"noopener nofollow\">coluna Claudia Meireles<\/a> se deparou com um artigo sobre a <a href=\"https:\/\/www.metropoles.com\/colunas\/claudia-meireles\/aprenda-a-tomar-cafe-da-manha-corretamente-para-emagrecer-com-saude\" target=\"_blank\" rel=\"noopener nofollow\">hora de tomar caf\u00e9 da manh\u00e3<\/a>. Publicado na revista cient\u00edfica Communications Medicine no m\u00eas passado, o <a href=\"https:\/\/www.nature.com\/articles\/s43856-025-01035-x\" target=\"_blank\" rel=\"noopener nofollow\">estudo Trajet\u00f3rias de hor\u00e1rios das refei\u00e7\u00f5es em idosos e suas associa\u00e7\u00f5es com morbidade, perfis gen\u00e9ticos e mortalidade<\/a> evidencia que o momento escolhido para fazer a refei\u00e7\u00e3o tende a proporcionar benef\u00edcios ou malef\u00edcios ao funcionamento do organismo.<\/p>\n<p>\u201cIdosos s\u00e3o vulner\u00e1veis \u00e0 ingest\u00e3o inadequada de alimentos devido a mudan\u00e7as na sa\u00fade e no ambiente; caracterizar o hor\u00e1rio das refei\u00e7\u00f5es pode <a href=\"https:\/\/www.metropoles.com\/colunas\/claudia-meireles\/dermatologista-explica-por-que-algumas-pessoas-demoram-a-envelhecer\" target=\"_blank\" rel=\"noopener nofollow\">subsidiar estrat\u00e9gias para promover um envelhecimento saud\u00e1vel<\/a>\u201c, escreveram os autores da pesquisa no resumo. Os estudiosos analisaram os dados de 2.945 indiv\u00edduos em Manchester, na Inglaterra, durante os anos de 1983 a 2017.<\/p>\n<p><img decoding=\"async\" src=\"https:\/\/www.europesays.com\/pt\/wp-content\/uploads\/2025\/10\/Cafe-da-manha_3-2.jpg\" loading=\"lazy\"\/><\/p>\n<p>Fechar modal.<\/p>\n<p><img decoding=\"async\" src=\"https:\/\/www.europesays.com\/pt\/wp-content\/uploads\/2025\/07\/logo-metropoles-branca.png\" loading=\"lazy\"\/><img data-splide-lazy=\"https:\/\/i.metroimg.com\/zF5sAsc3Y8_mKKgbxT_zD8fov43eIXiU1GlfqPYFJWU\/w:1200\/q:85\/f:webp\/plain\/2025\/10\/11001811\/Cafe-da-manha_3-2.jpg\"\/>1 de 4<\/p>\n<p class=\"splide__caption\">O caf\u00e9 da manh\u00e3 oferece benef\u00edcios para a sa\u00fade<\/p>\n<p>JLco &#8211; Julia Amaral\/Getty Images<img data-splide-lazy=\"https:\/\/i.metroimg.com\/1OflQu6MKPyDreNyn9nCvTOBlLZsZeL2ErUZ9MDuhuU\/w:1200\/q:85\/f:webp\/plain\/2025\/10\/11001059\/Cafe-da-manha_1-2.jpg\"\/>2 de 4<\/p>\n<p class=\"splide__caption\">Fazer a refei\u00e7\u00e3o mais tarde tem rela\u00e7\u00e3o com pior estado de sa\u00fade<\/p>\n<p>Maskot\/Getty Images<img data-splide-lazy=\"https:\/\/i.metroimg.com\/-T2xTuxMLaDyLvWlS-2uuuNk2Vh1qgqVGyVitvmDjTo\/w:1200\/q:85\/f:webp\/plain\/2025\/10\/11001102\/Cafe-da-manha-10.jpg\"\/>3 de 4<\/p>\n<p class=\"splide__caption\">Um estudo observou o hor\u00e1rio de tomar caf\u00e9 da manh\u00e3 de um grupo de idosos <\/p>\n<p>Mixetto\/Getty Images<img data-splide-lazy=\"https:\/\/i.metroimg.com\/MLzk2sFLIexfxo7RkIN2xNi0huyhAppTozRzjA8iW8o\/w:1200\/q:85\/f:webp\/plain\/2024\/05\/14151349\/Cafe-da-manha-7.jpg\"\/>4 de 4<\/p>\n<p class=\"splide__caption\">A refei\u00e7\u00e3o deve ser feita logo ao acordar <\/p>\n<p>Getty Images<\/p>\n<p>Entre os resultados observados, os autores notaram que a idade avan\u00e7ada est\u00e1 associada a <a href=\"https:\/\/www.metropoles.com\/tag\/cafe-da-manha\" target=\"_blank\" rel=\"noopener nofollow\">hor\u00e1rios de caf\u00e9 da manh\u00e3 e jantar mais tardios<\/a>, o que ajuda a resultar em \u201cdoen\u00e7as f\u00edsicas e psicol\u00f3gicas, incluindo fadiga, <a href=\"https:\/\/www.metropoles.com\/tag\/depressao\" target=\"_blank\" rel=\"noopener nofollow\">depress\u00e3o<\/a>, ansiedade, multimorbidade e problemas de sa\u00fade bucal.\u201d<\/p>\n<blockquote><p>\u201cO hor\u00e1rio das refei\u00e7\u00f5es, principalmente o caf\u00e9 da manh\u00e3 mais tarde, muda com a idade e pode refletir mudan\u00e7as mais amplas na sa\u00fade dos idosos, com <a href=\"https:\/\/www.metropoles.com\/tag\/longevidade\" target=\"_blank\" rel=\"noopener nofollow\">implica\u00e7\u00f5es na morbidade e na longevidade<\/a>\u201c, salientaram os pesquisadores nas conclus\u00f5es.<\/p><\/blockquote>\n<p><img loading=\"lazy\" decoding=\"async\" class=\"wp-image-3402039 size-full\" src=\"https:\/\/www.europesays.com\/pt\/wp-content\/uploads\/2025\/10\/Cha-longevidade_1.jpg\" alt=\"Foto colorida de mulher tomando x\u00edcara de ch\u00e1 - Metr\u00f3poles\" width=\"1200\" height=\"800\" data-description=\"Getty Images\"  \/>O caf\u00e9 da manh\u00e3 \u00e9 uma importante refei\u00e7\u00e3o<br \/>\nAn\u00e1lise do m\u00e9dico<\/p>\n<p>Para discorrer a respeito da pesquisa, o <a href=\"https:\/\/www.instagram.com\/drarthurrocha\/\" target=\"_blank\" rel=\"noopener nofollow\">m\u00e9dico Arthur Rocha<\/a> foi acionado. De acordo com o nutr\u00f3logo, n\u00e3o h\u00e1 um hor\u00e1rio universal \u201cideal\u201d para todas as pessoas tomarem caf\u00e9 da manh\u00e3. Ele ressalta que fazer a refei\u00e7\u00e3o matinal mais cedo, isto \u00e9, relativamente logo ao acordar, tende a ser mais favor\u00e1vel para a sa\u00fade metab\u00f3lica, especialmente quando alinhada ao rel\u00f3gio biol\u00f3gico, tamb\u00e9m chamado de <a href=\"https:\/\/www.metropoles.com\/webstories\/o-que-e-o-ciclo-circadiano\" target=\"_blank\" rel=\"noopener nofollow\">ritmo circadiano<\/a>.<\/p>\n<p>Ao analisar o estudo, o especialista argumenta: \u201cA pesquisa observou que <a href=\"https:\/\/www.metropoles.com\/colunas\/claudia-meireles\/nutri-revela-o-pior-erro-que-as-pessoas-cometem-no-cafe-da-manha\" target=\"_blank\" rel=\"noopener nofollow\">pessoas que tendem a tomar caf\u00e9 da manh\u00e3 mais tarde t\u00eam associa\u00e7\u00e3o com pior estado de sa\u00fade<\/a>, mais doen\u00e7as m\u00faltiplas e at\u00e9 maior mortalidade\u201d. Ele prossegue: \u201cOu seja, no contexto de envelhecimento, atrasar demais essa refei\u00e7\u00e3o pode sinalizar ou favorecer pior progn\u00f3stico.\u201d<\/p>\n<p><img loading=\"lazy\" decoding=\"async\" class=\"wp-image-2899168 size-full\" src=\"https:\/\/www.europesays.com\/pt\/wp-content\/uploads\/2025\/10\/Mulher-idosa-longevidade.jpg\" alt=\"Longevidade estilo de vida\" width=\"1200\" height=\"800\" data-description=\"Ridofranz\/Getty Images\"  \/>O m\u00e9dico Arthur Rocha esclarece sobre o hor\u00e1rio \u201cideal\u201d para tomar caf\u00e9 da manh\u00e3<\/p>\n<p>Conforme o m\u00e9dico, outras revis\u00f5es apontaram que <a href=\"https:\/\/www.metropoles.com\/saude\/quais-sao-erros-ao-contar-calorias\" target=\"_blank\" rel=\"noopener nofollow\">distribuir calorias mais cedo no dia<\/a>, ou seja, comer logo ao acordar, relaciona-se com melhores marcadores metab\u00f3licos \u2014 a exemplo da glicemia, perfil lip\u00eddico e sensibilidade \u00e0 insulina \u2014 em compara\u00e7\u00e3o com fazer a refei\u00e7\u00e3o matinal em um per\u00edodo mais tarde.<\/p>\n<p>\u201cMas aten\u00e7\u00e3o: muitos desses estudos s\u00e3o observacionais ou ensaios de curto prazo. Dessa, forma indicam correla\u00e7\u00f5es e tend\u00eancias, mas n\u00e3o provam que se voc\u00ea comer exatamente \u00e0s 7h todo dia, ser\u00e1 o melhor para a sa\u00fade\u201d, frisa o nutr\u00f3logo.<\/p>\n<p>Na avalia\u00e7\u00e3o de Arthur, o ideal \u00e9 tomar caf\u00e9 da manh\u00e3 cedo, no per\u00edodo logo ao acordar ou dentro de uma hora. Ele aconselha evitar atrasos constantes prolongados, <a href=\"https:\/\/www.metropoles.com\/tag\/qualidade-do-sono\" target=\"_blank\" rel=\"noopener nofollow\">caso n\u00e3o fa\u00e7a parte do estilo de vida, sono e necessidades pessoais<\/a>.<\/p>\n<p><img loading=\"lazy\" decoding=\"async\" class=\"wp-image-3028729 size-full\" src=\"https:\/\/www.europesays.com\/pt\/wp-content\/uploads\/2025\/10\/Cafe-da-manha_3-1.jpg\" alt=\"Foto de superf\u00edcie azul com bowls, x\u00edcaras e pratos que trazem comidas dentro, como bruschetta, caf\u00e9 , iogurte e frutas - Metr\u00f3poles\" width=\"1200\" height=\"800\" data-description=\"Alexander Spatari\/Getty Images\"  \/>O nutr\u00f3logo salienta a respeito do hor\u00e1rio do caf\u00e9 da manh\u00e3 e marcadores metab\u00f3licos<\/p>\n<p><strong>Para saber mais, siga\u00a0<a href=\"https:\/\/www.instagram.com\/metropolesvida_estilo\/\" target=\"_blank\" rel=\"noopener nofollow\">o perfil de Vida&amp;Estilo no Instagram<\/a>.<\/strong><\/p>\n<p><script async src=\"\/\/www.instagram.com\/embed.js\"><\/script><\/p>\n","protected":false},"excerpt":{"rendered":"A coluna Claudia Meireles se deparou com um artigo sobre a hora de tomar caf\u00e9 da manh\u00e3. Publicado&hellip;\n","protected":false},"author":2,"featured_media":106607,"comment_status":"","ping_status":"","sticky":false,"template":"","format":"standard","meta":{"footnotes":""},"categories":[86],"tags":[116,32,33,117],"class_list":{"0":"post-106606","1":"post","2":"type-post","3":"status-publish","4":"format-standard","5":"has-post-thumbnail","7":"category-saude","8":"tag-health","9":"tag-portugal","10":"tag-pt","11":"tag-saude"},"share_on_mastodon":{"url":"","error":""},"_links":{"self":[{"href":"https:\/\/www.europesays.com\/pt\/wp-json\/wp\/v2\/posts\/106606","targetHints":{"allow":["GET"]}}],"collection":[{"href":"https:\/\/www.europesays.com\/pt\/wp-json\/wp\/v2\/posts"}],"about":[{"href":"https:\/\/www.europesays.com\/pt\/wp-json\/wp\/v2\/types\/post"}],"author":[{"embeddable":true,"href":"https:\/\/www.europesays.com\/pt\/wp-json\/wp\/v2\/users\/2"}],"replies":[{"embeddable":true,"href":"https:\/\/www.europesays.com\/pt\/wp-json\/wp\/v2\/comments?post=106606"}],"version-history":[{"count":0,"href":"https:\/\/www.europesays.com\/pt\/wp-json\/wp\/v2\/posts\/106606\/revisions"}],"wp:featuredmedia":[{"embeddable":true,"href":"https:\/\/www.europesays.com\/pt\/wp-json\/wp\/v2\/media\/106607"}],"wp:attachment":[{"href":"https:\/\/www.europesays.com\/pt\/wp-json\/wp\/v2\/media?parent=106606"}],"wp:term":[{"taxonomy":"category","embeddable":true,"href":"https:\/\/www.europesays.com\/pt\/wp-json\/wp\/v2\/categories?post=106606"},{"taxonomy":"post_tag","embeddable":true,"href":"https:\/\/www.europesays.com\/pt\/wp-json\/wp\/v2\/tags?post=106606"}],"curies":[{"name":"wp","href":"https:\/\/api.w.org\/{rel}","templated":true}]}}