{"id":106608,"date":"2025-10-11T17:32:21","date_gmt":"2025-10-11T17:32:21","guid":{"rendered":"https:\/\/www.europesays.com\/pt\/106608\/"},"modified":"2025-10-11T17:32:21","modified_gmt":"2025-10-11T17:32:21","slug":"putin-admite-culpa-da-russia-na-queda-de-aviao-da-azerbaijan-airlines-que-matou-38-pessoas","status":"publish","type":"post","link":"https:\/\/www.europesays.com\/pt\/106608\/","title":{"rendered":"Putin admite culpa da R\u00fassia na queda de avi\u00e3o da Azerbaijan Airlines que matou 38 pessoas"},"content":{"rendered":"<p class=\"wp-caption-text top\"><a href=\"https:\/\/depositphotos.com\/editorial\/yerevan-armenia-oct-2019-yerevan-armenia-october-2019-yerevan-armenia-509205900.html\" rel=\"nofollow noopener noreferrer\" data-wpel-link=\"exclude\" target=\"_blank\">Wirestock  \/ Depositphotos <\/a><\/p>\n<p><img decoding=\"async\" loading=\"lazy\" class=\"wp-image-697472 size-kopa-image-size-3\" src=\"https:\/\/www.europesays.com\/pt\/wp-content\/uploads\/2025\/10\/c4ca4238a0b923820dcc509a6f75849b-27-783x450.jpg\" alt=\"\" width=\"700\" height=\"402\"  \/><\/p>\n<p class=\"wp-caption-text bot\">O presidente da R\u00fassia, Vladimir Putin.<\/p>\n<p><strong>L\u00edder do Kremlin admitiu que um m\u00edssil russo explodiu perto de uma aeronave da Azerbaijan Airlines em 2024, causando o desastre de dezembro do ano passado.<br \/><\/strong><\/p>\n<p>O presidente da R\u00fassia, Vladimir Putin, reconheceu pela primeira vez esta quinta-feira a responsabilidade do seu pa\u00eds no desastre que envolveu um avi\u00e3o fabricado pela brasileira <strong>Embraer<\/strong>, cuja <a href=\"https:\/\/zap.aeiou.pt\/russia-admite-que-aviao-da-azerbaijan-airlines-caiu-entre-ataques-650193\" data-wpel-link=\"internal\" rel=\"nofollow noopener\" target=\"_blank\">queda<\/a> no Cazaquist\u00e3o provocou a <strong>morte de 38 pessoas<\/strong> em dezembro de 2024.<\/p>\n<p>Durante uma reuni\u00e3o com o presidente do Azerbaij\u00e3o, Ilham Aliyev, Putin admitiu que as for\u00e7as de defesa a\u00e9rea russas tinham lan\u00e7ado dois m\u00edsseis para destruir drones ucranianos na manh\u00e3 do acidente e que, devido a uma <strong>\u201cfalha t\u00e9cnica\u201d<\/strong>, estes explodiram a apenas 10 metros da aeronave.<\/p>\n<p>Na altura, um voo da Azerbaijan Airlines que partira de Baku com destino \u00e0 R\u00fassia tinha o seu pouso programado na cidade russa de Grozni, mas acabou por ser desviado ap\u00f3s problemas no sistema de GPS e uma aparente explos\u00e3o que levou \u00e0 \u201cperda de controlo\u201d da aeronave.<\/p>\n<p>Segundo Putin, os controladores de tr\u00e1fego a\u00e9reo aconselharam o piloto a tentar aterrar na cidade russa de Makhachkala, mas este tentou primeiro regressar ao aeroporto de origem e, posteriormente, dirigir-se ao Cazaquist\u00e3o, onde o avi\u00e3o acabou por cair. O piloto ainda ter\u00e1 tentado aterrar por duas vezes, sem sucesso.<\/p>\n<p>\u201cOs dois m\u00edsseis disparados n\u00e3o atingiram diretamente o avi\u00e3o. Se isso tivesse acontecido, teria ca\u00eddo de imediato\u201d, afirmou o presidente russo, que prometeu punir os respons\u00e1veis. <strong>\u201cA R\u00fassia far\u00e1 tudo o que for necess\u00e1rio para oferecer compensa\u00e7\u00f5es<\/strong>, e as a\u00e7\u00f5es de todos os respons\u00e1veis ser\u00e3o avaliadas judicialmente\u201d, acrescentou.<\/p>\n<p>Desastre afetou as rela\u00e7\u00f5es entre Moscovo e Baku<\/p>\n<p>Aliyev, que anteriormente acusara a R\u00fassia de tentar encobrir a verdadeira causa do acidente, agradeceu a Putin por fornecer \u201cinforma\u00e7\u00f5es detalhadas sobre a trag\u00e9dia\u201d, segundo um comunicado divulgado pelo Kremlin.<\/p>\n<p>As declara\u00e7\u00f5es iniciais da ag\u00eancia de transporte a\u00e9reo russa ap\u00f3s a queda sugeriam que o avi\u00e3o de passageiros teria sido for\u00e7ado a desviar a rota ap\u00f3s uma colis\u00e3o com aves.<\/p>\n<p>As autoridades do Azerbaij\u00e3o, por outro lado, sustentavam que o jato Embraer 190 tinha sido abatido por fogo russo. Dias ap\u00f3s o acidente, <a href=\"https:\/\/zap.aeiou.pt\/putin-admite-culpa-pela-queda-de-aviao-do-azerbaijao-650254\" data-wpel-link=\"internal\" rel=\"nofollow noopener\" target=\"_blank\">Putin pediu desculpa<\/a> pelo que classificou como um \u201cincidente tr\u00e1gico\u201d, reconheceu que decorriam ataques a\u00e9reos naquela altura, mas n\u00e3o admitiu responsabilidade.<\/p>\n<p>A controv\u00e9rsia abalou as rela\u00e7\u00f5es, at\u00e9 ent\u00e3o pr\u00f3ximas, entre Moscovo e Baku, levando o Azerbaij\u00e3o a aproximar-se cada vez mais dos Estados Unidos. As tens\u00f5es agravaram-se ainda mais depois de a pol\u00edcia russa deter cidad\u00e3os azeris suspeitos de terrorismo, e as for\u00e7as de seguran\u00e7a do Azerbaij\u00e3o prenderem alegados traficantes de droga russos.<\/p>\n<p>Putin expressou esperan\u00e7a em ultrapassar a tens\u00e3o entre os dois pa\u00edses e reconstruir as rela\u00e7\u00f5es bilaterais.<\/p>\n<p>\u201cEspero que a nossa coopera\u00e7\u00e3o n\u00e3o apenas seja restaurada, mas continue no esp\u00edrito das nossas rela\u00e7\u00f5es e da nossa alian\u00e7a\u201d, afirmou.<\/p>\n<p>Aliyev e Putin reuniram-se no Tajiquist\u00e3o, onde participaram numa cimeira de pa\u00edses da antiga Uni\u00e3o Sovi\u00e9tica.<\/p>\n<p>    <a href=\"https:\/\/zap.aeiou.pt\/subscrever-newsletter\" data-wpel-link=\"internal\" rel=\"nofollow noopener\" target=\"_blank\">&#13;<br \/>\n        <img loading=\"lazy\" decoding=\"async\" class=\"aligncenter size-full wp-image-575475\" src=\"https:\/\/www.europesays.com\/pt\/wp-content\/uploads\/2025\/10\/1759862234_971_2d51fe4a0ba54894421ead1809309ed9-1-450x140.jpg\" alt=\"Subscreva a Newsletter ZAP\" width=\"450\" height=\"140\"\/>&#13;<br \/>\n    <\/a><\/p>\n<p>                <a href=\"https:\/\/whatsapp.com\/channel\/0029VaIC4EE2f3EJZPPSbR34\" data-wpel-link=\"external\" target=\"_blank\" rel=\"nofollow external noopener noreferrer\" class=\"ext-link\">&#13;<br \/>\n                    <img loading=\"lazy\" decoding=\"async\" class=\"aligncenter size-full wp-image-575475\" src=\"https:\/\/www.europesays.com\/pt\/wp-content\/uploads\/2025\/10\/1759862234_512_c68c559d956d4ca20f435ed74a6e71e6.png\" alt=\"Siga-nos no WhatsApp\" width=\"175\" height=\"64\"\/>&#13;<br \/>\n                <\/a><\/p>\n<p>                <a href=\"https:\/\/news.google.com\/publications\/CAAiEHRwZondIV71PDjWNoqMduEqFAgKIhB0cGaJ3SFe9Tw41jaKjHbh?hl=en-US&amp;gl=US&amp;ceid=US%3Aen\" data-wpel-link=\"external\" target=\"_blank\" rel=\"nofollow external noopener noreferrer\" class=\"ext-link\">&#13;<br \/>\n                    <img loading=\"lazy\" decoding=\"async\" class=\"aligncenter size-full wp-image-575475\" src=\"https:\/\/www.europesays.com\/pt\/wp-content\/uploads\/2025\/10\/1759862235_242_5123dd8b087b644fdb8f8603acd1bad4.png\" alt=\"Siga-nos no Google News\" width=\"176\" height=\"64\"\/>&#13;<br \/>\n                <\/a><\/p>\n","protected":false},"excerpt":{"rendered":"Wirestock \/ Depositphotos O presidente da R\u00fassia, Vladimir Putin. L\u00edder do Kremlin admitiu que um m\u00edssil russo explodiu&hellip;\n","protected":false},"author":2,"featured_media":106609,"comment_status":"","ping_status":"","sticky":false,"template":"","format":"standard","meta":{"footnotes":""},"categories":[50],"tags":[59,1310,8241,27,28,269,3069,637,15,16,14,25,26,21,22,62,12,13,19,20,23,24,839,17,18,29,30,31,2415,63,64,65],"class_list":{"0":"post-106608","1":"post","2":"type-post","3":"status-publish","4":"format-standard","5":"has-post-thumbnail","7":"category-mundo","8":"tag-acidente","9":"tag-aviacao","10":"tag-azerbaijao","11":"tag-breaking-news","12":"tag-breakingnews","13":"tag-capa","14":"tag-desastre","15":"tag-diplomacia","16":"tag-featured-news","17":"tag-featurednews","18":"tag-headlines","19":"tag-latest-news","20":"tag-latestnews","21":"tag-main-news","22":"tag-mainnews","23":"tag-mundo","24":"tag-news","25":"tag-noticias","26":"tag-noticias-principais","27":"tag-noticiasprincipais","28":"tag-principais-noticias","29":"tag-principaisnoticias","30":"tag-russia","31":"tag-top-stories","32":"tag-topstories","33":"tag-ultimas","34":"tag-ultimas-noticias","35":"tag-ultimasnoticias","36":"tag-vladimir-putin","37":"tag-world","38":"tag-world-news","39":"tag-worldnews"},"share_on_mastodon":{"url":"","error":""},"_links":{"self":[{"href":"https:\/\/www.europesays.com\/pt\/wp-json\/wp\/v2\/posts\/106608","targetHints":{"allow":["GET"]}}],"collection":[{"href":"https:\/\/www.europesays.com\/pt\/wp-json\/wp\/v2\/posts"}],"about":[{"href":"https:\/\/www.europesays.com\/pt\/wp-json\/wp\/v2\/types\/post"}],"author":[{"embeddable":true,"href":"https:\/\/www.europesays.com\/pt\/wp-json\/wp\/v2\/users\/2"}],"replies":[{"embeddable":true,"href":"https:\/\/www.europesays.com\/pt\/wp-json\/wp\/v2\/comments?post=106608"}],"version-history":[{"count":0,"href":"https:\/\/www.europesays.com\/pt\/wp-json\/wp\/v2\/posts\/106608\/revisions"}],"wp:featuredmedia":[{"embeddable":true,"href":"https:\/\/www.europesays.com\/pt\/wp-json\/wp\/v2\/media\/106609"}],"wp:attachment":[{"href":"https:\/\/www.europesays.com\/pt\/wp-json\/wp\/v2\/media?parent=106608"}],"wp:term":[{"taxonomy":"category","embeddable":true,"href":"https:\/\/www.europesays.com\/pt\/wp-json\/wp\/v2\/categories?post=106608"},{"taxonomy":"post_tag","embeddable":true,"href":"https:\/\/www.europesays.com\/pt\/wp-json\/wp\/v2\/tags?post=106608"}],"curies":[{"name":"wp","href":"https:\/\/api.w.org\/{rel}","templated":true}]}}