{"id":106610,"date":"2025-10-11T17:38:14","date_gmt":"2025-10-11T17:38:14","guid":{"rendered":"https:\/\/www.europesays.com\/pt\/106610\/"},"modified":"2025-10-11T17:38:14","modified_gmt":"2025-10-11T17:38:14","slug":"hamas-ausente-da-assinatura-oficial-do-acordo-para-gaza","status":"publish","type":"post","link":"https:\/\/www.europesays.com\/pt\/106610\/","title":{"rendered":"Hamas ausente da assinatura oficial do acordo para Gaza"},"content":{"rendered":"<p>&#13;<br \/>\n&#8220;<b>Em rela\u00e7\u00e3o \u00e0 assinatura oficial, n\u00e3o estaremos presentes<\/b>&#8220;, disse Hossam Badran em entrevista \u00e0 AFP, sublinhando que o movimento islamista palestiniano estava a agir &#8220;atrav\u00e9s de mediadores do Qatar e do Egito&#8221;.&#13;\n<\/p>\n<p>&#13;<br \/>\nOs preparativos para a assinatura t\u00eam estado a ser coordenados pelo ministro do Egito para os Neg\u00f3cios Estrangeiros com o secret\u00e1rio de Estado norte-americano, Marco Rubio.&#13;\n<\/p>\n<p>&#13;<br \/>\nO presidente Donald Trump \u00e9 aguardado em Sharm-el-Sheik depois de ter estado de manh\u00e3 em Israel, onde ir\u00e1 discursar no parlamento, o Knesset, e encontrar-se com raf\u00e9ns libertados e as suas fam\u00edlias.&#13;\n<\/p>\n<p>&#13;<br \/>\nEm Sharm-el-Sheik, Trump ser\u00e1 recebido pelo presidente egipcio, Abdul Fattah al-Sisi. &#13;<br \/>\nEstar\u00e1 tamb\u00e9m presente o representante dos EUA para o M\u00e9dio Orientem &#13;<br \/>\nSteve Witkoff, assim como os mediadores.&#13;\n<\/p>\n<p>O primeiro-ministro Pedro S\u00e1nchez estar\u00e1 presente na cerim\u00f3nia de assinatura do acordo. <\/p>\n<p>Outros l\u00edderes europeus, como os de It\u00e1lia, Fran\u00e7a e Reino Unido, dever\u00e3o participar na cerim\u00f3nia de assinatura do tratado de paz enquanto pot\u00eancias, Ainda n\u00e3o \u00e9 claro se o primeiro-ministro israelita, Benjamin Netanyahu, ir\u00e1 comparecer.<br \/>&#13;\n<\/p>\n<p>&#13;<br \/>\nPaz e futuro de Gaza re\u00fanem l\u00edderes no Egito<br \/>&#13;\n<\/p>\n<p>&#13;<br \/>\nEst\u00e1 prevista tamb\u00e9m uma cimeira de l\u00edderes mundiais sobre Gaza.&#13;\n<\/p>\n<p>&#13;<br \/>\nAl-Sisi enviou <b>convites&#13;<br \/>\n\u00e0 Alemanha, a Fran\u00e7a, ao Reino Unido, a It\u00e1lia, ao Qatar, aos Emirados &#13;<br \/>\n\u00c1rabes Unidos, \u00e0 Jord\u00e2nia, \u00e0 Turquia, \u00e0 Ar\u00e1bia Saudita, ao Paquist\u00e3o e \u00e0&#13;<br \/>\nIndon\u00e9sia<\/b>.&#13;\n<\/p>\n<p>&#13;<br \/>\n<br \/>&#13;<br \/>\nA participa\u00e7\u00e3o de Israel n\u00e3o foi imediatamente assegurada.&#13;\n<\/p>\n<p>&#13;<br \/>\n<br \/>&#13;<br \/>\nO encontro, que poder\u00e1 realizar-se segunda-feira, logo ap\u00f3s a assinatura do acordo, ou ter\u00e7a-feira de manh\u00e3, visa angariar apoio internacional para o plano de paz de Trump para o enclave, negociado com o apoio do Catar, do Egipto e da Turquia. Marco Rubio descreveu a cimeira como uma ocasi\u00e3o hist\u00f3rica e \u00fanica, referiu um comunicado da diplomacia eg\u00edpcia.&#13;\n<\/p>\n<p>&#13;<br \/>\nO Eliseu confirmou s\u00e1bado a presen\u00e7a do presidente franc\u00eas, Emmanuel Macron, referindo que este ir\u00e1 debater os pr\u00f3ximos passos previstos na proposta de Trump e reafirmar o compromisso franc\u00eas com a solu\u00e7\u00e3o de dois Estados, como base para uma paz duradoura, seguran\u00e7a e reconstru\u00e7\u00e3o.&#13;\n<\/p>\n<p>&#13;<br \/>\nJornais alem\u00e3es noticiaram igualmente que o chanceler\u00a0Friedrich Merz, &#8220;aceitou com gratid\u00e3o&#8221; o convite, num telefonema com al-Sisi.&#13;\n<\/p>\n<p>&#13;<br \/>\nSegunda fase &#8220;n\u00e3o ser\u00e1 t\u00e3o f\u00e1cil&#8221;&#13;\n<\/p>\n<p>&#13;<br \/>\nApesar do cessar fogo acordado por Israel e pelo Hamas, que entrou em vigor sexta-feira, para permitir a liberta\u00e7\u00e3o de ref\u00e9ns e de palestinianos, <b>v\u00e1rias quest\u00f5es sobre governa\u00e7\u00e3o, seguran\u00e7a e reconstru\u00e7\u00e3o no p\u00f3s-guerra, permanecem por regularizar.<\/b>&#13;\n<\/p>\n<p>&#13;<br \/>\nO plano de Trump procurou num primeiro momento, estabelecer um cessar-fogo permanente, garantir a liberta\u00e7\u00e3o de todos os ref\u00e9ns e restabelecer o acesso humanit\u00e1rio total a Gaza.&#13;\n<\/p>\n<p>&#13;<br \/>\nSeguir-se-\u00e3o outras duas fases, para as quais <b>o Hamas espera negocia\u00e7\u00f5es &#8220;mais complexas&#8221;<\/b>, conforme referiu s\u00e1bado\u00a0Hossam Badran, \u00e0 AFP.&#13;\n<\/p>\n<p>&#13;<br \/>\n<br \/>&#13;<br \/>\nTamb\u00e9m a ideia de expulsar de Gaza os membros do movimento islamita \u00e9 &#8220;absurda&#8221;, mencionou Badran, na mesma entrevista.\u00a0&#13;\n<\/p>\n<p>&#13;<br \/>\n&#8220;Os dirigentes do Hamas presentes na Faixa de Gaza est\u00e3o na sua terra, a terra onde viveram, com as suas fam\u00edlias e o seu povo. Portanto, \u00e9 natural que l\u00e1 permane\u00e7am&#8221;, disse, considerando que expulsar palestinianos, sejam eles membros do Hamas ou n\u00e3o, &#8220;n\u00e3o tem sentido&#8221;.&#13;\n<\/p>\n<p>&#13;<br \/>\nBadran assegurou tamb\u00e9m que o Hamas &#8220;repelir\u00e1 a agress\u00e3o&#8221;, se a guerra recome\u00e7ar em Gaza. Amea\u00e7a que responde a declara\u00e7\u00f5es, sexta-feira, do porta-voz do ex\u00e9rcito israelita de que este est\u00e1 <b>&#8220;bem preparado para regressar ao combate&#8221; contra o Hamas<\/b> se o grupo militante mantiver o controlo de Gaza ap\u00f3s o fim da guerra.<br \/>&#13;\n<\/p>\n<p>O que falta negociar<\/p>\n<p>&#13;<br \/>\nA proposta de Donald Trump inclui a retirada faseada do enclave por parte das for\u00e7as de Israel, cuja primeira fase est\u00e1 em curso desde sexta-feira.&#13;\n<\/p>\n<p>Como parte do plano, <b>um destacamento inicial de 200 soldados norte-americanos est\u00e1 programado para chegar a Israel para ajudar a monitorizar o cessar-fogo em Gaza.<\/b><\/p>\n<p>O novo chefe do Comando Militar do M\u00e9dio Oriente (CENTCOM) dos EUA, Brad Cooper, anunciou no s\u00e1bado que visitou Gaza para discutir a &#8220;estabiliza\u00e7\u00e3o&#8221; da situa\u00e7\u00e3o, garantindo ao mesmo tempo que nenhuma tropa norte-americana seria enviada para o territ\u00f3rio palestiniano.<\/p>\n<p>Em vez disso, espera-se que os militares norte-americanos coordenem uma for\u00e7a-tarefa multinacional que ser\u00e1 enviada para Gaza.<br \/>&#13;\n<\/p>\n<p>&#13;<br \/>\nOs pa\u00edses \u00e1rabes e mu\u00e7ulmanos comprometeram-se por seu lado a &#8220;desmilitarizar Gaza&#8221; rapidamente. Os t\u00faneis e as instala\u00e7\u00f5es de produ\u00e7\u00e3o do Hamas ser\u00e3o tamb\u00e9m destru\u00eddos, estando previsto o desarmamento do grupo e proibida a sua particip\u00e3o na nova administra\u00e7\u00e3o do enclave.&#13;\n<\/p>\n<p>&#13;<br \/>\nEstas duas \u00faltimas condi\u00e7\u00f5es dever\u00e3o ser as mais dif\u00edceis de negociar.&#13;\n<\/p>\n<p>\nO plano envolve tamb\u00e9m o treino das for\u00e7as policiais locais.<\/p>\n","protected":false},"excerpt":{"rendered":"&#13; &#8220;Em rela\u00e7\u00e3o \u00e0 assinatura oficial, n\u00e3o estaremos presentes&#8220;, disse Hossam Badran em entrevista \u00e0 AFP, sublinhando que&hellip;\n","protected":false},"author":2,"featured_media":106611,"comment_status":"","ping_status":"","sticky":false,"template":"","format":"standard","meta":{"footnotes":""},"categories":[8],"tags":[25535,27,28,254,92,15,16,532,255,14,25,26,21,22,12,13,19,20,32,23,24,33,25534,17,18,29,30,31],"class_list":{"0":"post-106610","1":"post","2":"type-post","3":"status-publish","4":"format-standard","5":"has-post-thumbnail","7":"category-principais-noticias","8":"tag-abdul-fattah-al-sisi","9":"tag-breaking-news","10":"tag-breakingnews","11":"tag-catar","12":"tag-donald-trump","13":"tag-featured-news","14":"tag-featurednews","15":"tag-gaza","16":"tag-hamas","17":"tag-headlines","18":"tag-latest-news","19":"tag-latestnews","20":"tag-main-news","21":"tag-mainnews","22":"tag-news","23":"tag-noticias","24":"tag-noticias-principais","25":"tag-noticiasprincipais","26":"tag-portugal","27":"tag-principais-noticias","28":"tag-principaisnoticias","29":"tag-pt","30":"tag-sharm-el-sheik","31":"tag-top-stories","32":"tag-topstories","33":"tag-ultimas","34":"tag-ultimas-noticias","35":"tag-ultimasnoticias"},"share_on_mastodon":{"url":"","error":""},"_links":{"self":[{"href":"https:\/\/www.europesays.com\/pt\/wp-json\/wp\/v2\/posts\/106610","targetHints":{"allow":["GET"]}}],"collection":[{"href":"https:\/\/www.europesays.com\/pt\/wp-json\/wp\/v2\/posts"}],"about":[{"href":"https:\/\/www.europesays.com\/pt\/wp-json\/wp\/v2\/types\/post"}],"author":[{"embeddable":true,"href":"https:\/\/www.europesays.com\/pt\/wp-json\/wp\/v2\/users\/2"}],"replies":[{"embeddable":true,"href":"https:\/\/www.europesays.com\/pt\/wp-json\/wp\/v2\/comments?post=106610"}],"version-history":[{"count":0,"href":"https:\/\/www.europesays.com\/pt\/wp-json\/wp\/v2\/posts\/106610\/revisions"}],"wp:featuredmedia":[{"embeddable":true,"href":"https:\/\/www.europesays.com\/pt\/wp-json\/wp\/v2\/media\/106611"}],"wp:attachment":[{"href":"https:\/\/www.europesays.com\/pt\/wp-json\/wp\/v2\/media?parent=106610"}],"wp:term":[{"taxonomy":"category","embeddable":true,"href":"https:\/\/www.europesays.com\/pt\/wp-json\/wp\/v2\/categories?post=106610"},{"taxonomy":"post_tag","embeddable":true,"href":"https:\/\/www.europesays.com\/pt\/wp-json\/wp\/v2\/tags?post=106610"}],"curies":[{"name":"wp","href":"https:\/\/api.w.org\/{rel}","templated":true}]}}