{"id":106612,"date":"2025-10-11T17:39:08","date_gmt":"2025-10-11T17:39:08","guid":{"rendered":"https:\/\/www.europesays.com\/pt\/106612\/"},"modified":"2025-10-11T17:39:08","modified_gmt":"2025-10-11T17:39:08","slug":"aos-73-anos-vera-fischer-mostra-se-em-fato-de-banho-branco-e-alvo-de-critica-deselegante-e-fas-saem-em-defesa","status":"publish","type":"post","link":"https:\/\/www.europesays.com\/pt\/106612\/","title":{"rendered":"Aos 73 anos, Vera Fischer mostra-se em fato de banho branco, \u00e9 alvo de cr\u00edtica &#8220;deselegante&#8221;&#8230; e f\u00e3s saem em defesa!"},"content":{"rendered":"<p>Recentemente,\u00a0<a href=\"https:\/\/selfie.iol.pt\/famosos\/vera-fischer\/vera-fischer-em-fotos-sensuais-eu-com-73-anos-quero-ser-o-melhor-que-possa-ser-nessa-idade\/20250610\/6847e06dd34e3f0bae9f37a4\" target=\"_blank\" rel=\"nofollow noopener\">Vera Fischer<\/a>\u00a0recorreu ao Instagram para partilhar uma fotografia, na qual posa em fato de banho branco.<\/p>\n<p>Na caixa de coment\u00e1rios da publica\u00e7\u00e3o, as opini\u00f5es dividiram-se. &#8220;Deusa&#8221;; &#8220;P\u00f5e as novinhas no bolso&#8221; e &#8220;Diva&#8221; s\u00e3o exemplos das mensagens positivas.<\/p>\n<p>No entanto, a atriz, de 73 anos, n\u00e3o se livrou de uma cr\u00edtica. &#8220;N\u00e3o te esque\u00e7as de fazer gin\u00e1stica&#8221;, apontou uma internauta. E, de imediato, muitos f\u00e3s sa\u00edram em defesa de Vera Fischer. &#8220;Invejosa&#8221;; &#8220;Que deselegante&#8221; e &#8220;Coment\u00e1rio rid\u00edculo&#8221;, pode ler-se.<\/p>\n<p>Veja, agora, a imagem partilhada por Vera Fischer na galeria de fotografias que prepar\u00e1mos para si.<\/p>\n","protected":false},"excerpt":{"rendered":"Recentemente,\u00a0Vera Fischer\u00a0recorreu ao Instagram para partilhar uma fotografia, na qual posa em fato de banho branco. Na caixa&hellip;\n","protected":false},"author":2,"featured_media":106613,"comment_status":"","ping_status":"","sticky":false,"template":"","format":"standard","meta":{"footnotes":""},"categories":[145],"tags":[813,726,211,210,114,115,980,5428,8237,1015,82,32,33,1012,10206],"class_list":{"0":"post-106612","1":"post","2":"type-post","3":"status-publish","4":"format-standard","5":"has-post-thumbnail","7":"category-celebridades","8":"tag-atriz","9":"tag-brasil","10":"tag-celebridades","11":"tag-celebrities","12":"tag-entertainment","13":"tag-entretenimento","14":"tag-famosos","15":"tag-fato-de-banho","16":"tag-forma-fisica","17":"tag-instagram","18":"tag-internacional","19":"tag-portugal","20":"tag-pt","21":"tag-selfie","22":"tag-vera-fischer"},"share_on_mastodon":{"url":"","error":""},"_links":{"self":[{"href":"https:\/\/www.europesays.com\/pt\/wp-json\/wp\/v2\/posts\/106612","targetHints":{"allow":["GET"]}}],"collection":[{"href":"https:\/\/www.europesays.com\/pt\/wp-json\/wp\/v2\/posts"}],"about":[{"href":"https:\/\/www.europesays.com\/pt\/wp-json\/wp\/v2\/types\/post"}],"author":[{"embeddable":true,"href":"https:\/\/www.europesays.com\/pt\/wp-json\/wp\/v2\/users\/2"}],"replies":[{"embeddable":true,"href":"https:\/\/www.europesays.com\/pt\/wp-json\/wp\/v2\/comments?post=106612"}],"version-history":[{"count":0,"href":"https:\/\/www.europesays.com\/pt\/wp-json\/wp\/v2\/posts\/106612\/revisions"}],"wp:featuredmedia":[{"embeddable":true,"href":"https:\/\/www.europesays.com\/pt\/wp-json\/wp\/v2\/media\/106613"}],"wp:attachment":[{"href":"https:\/\/www.europesays.com\/pt\/wp-json\/wp\/v2\/media?parent=106612"}],"wp:term":[{"taxonomy":"category","embeddable":true,"href":"https:\/\/www.europesays.com\/pt\/wp-json\/wp\/v2\/categories?post=106612"},{"taxonomy":"post_tag","embeddable":true,"href":"https:\/\/www.europesays.com\/pt\/wp-json\/wp\/v2\/tags?post=106612"}],"curies":[{"name":"wp","href":"https:\/\/api.w.org\/{rel}","templated":true}]}}