{"id":106614,"date":"2025-10-11T17:43:10","date_gmt":"2025-10-11T17:43:10","guid":{"rendered":"https:\/\/www.europesays.com\/pt\/106614\/"},"modified":"2025-10-11T17:43:10","modified_gmt":"2025-10-11T17:43:10","slug":"saudade-lexa-e-ricardo-vianna-oficializam-uniao-com-homenagem-emocionante-a-filha-sofia","status":"publish","type":"post","link":"https:\/\/www.europesays.com\/pt\/106614\/","title":{"rendered":"Saudade! Lexa e Ricardo Vianna oficializam uni\u00e3o com homenagem emocionante \u00e0 filha Sofia"},"content":{"rendered":"<p>\n                        Em cerim\u00f4nia no Rio de Janeiro, Lexa e Ricardo Vianna celebraram o casamento nesta sexta-feira (10) e prestaram uma tocante homenagem \u00e0 filha Sofia\n                    <\/p>\n<ul class=\"article__header__author\">\n<li class=\"article__header__author__item\">\n                                                Por:<br \/>\n                                                                                    Laura Vicaria \/ Mais Novela\n                                                                        <\/li>\n<\/ul>\n<p class=\"text\"><strong>Lexa<\/strong> e <strong>Ricardo Vianna<\/strong> disseram &#8220;sim&#8221; nesta sexta-feira (10), em uma cerim\u00f4nia intimista realizada no Alto da Boa Vista, na zona norte do Rio de Janeiro. A celebra\u00e7\u00e3o reuniu cerca de 150 convidados e marcou um novo cap\u00edtulo na vida do casal, que est\u00e1 junto h\u00e1 dois anos e ficou noivo durante uma viagem \u00e0 Noruega em fevereiro de 2024.<\/p>\n<p><img loading=\"lazy\" decoding=\"async\" alt=\"\" class=\"img-a003d84be28854f7974364961d4ba58ex9w84hsb\" height=\"435\" src=\"https:\/\/www.europesays.com\/pt\/wp-content\/uploads\/2025\/10\/225938793-lexa-e-ricardo-vianna-homenageiam-a-filha-falecida-durante-o-casamento-1.jpg\"  title=\"Brazil News \/ Mais Novela\" width=\"774\"\/><\/p>\n<p>\nFoto: Brazil News \/ Mais Novela\n<\/p>\n<p class=\"text\">Entre os momentos mais emocionantes da festa, <strong>Lexa<\/strong> e <strong>Ricardo<\/strong> prestaram uma homenagem \u00e0 filha Sofia, que morreu em fevereiro, poucos dias ap\u00f3s nascer prematuramente. O casal soltou bal\u00f5es brancos e transparentes, com o apelido da beb\u00ea \u2014 <strong>Soso<\/strong> \u2014 escrito em um deles, emocionando familiares e amigos presentes.<\/p>\n<p class=\"text\">A hist\u00f3ria de Sofia comoveu o Brasil. Gr\u00e1vida de seis meses, <strong>Lexa<\/strong> foi diagnosticada com ecl\u00e2mpsia e S\u00edndrome de HELLP, complica\u00e7\u00f5es graves da gesta\u00e7\u00e3o que levaram ao parto prematuro. A menina viveu apenas tr\u00eas dias, e a cantora relatou em entrevista ao Fant\u00e1stico que a dor foi &#8220;imensa e parecia n\u00e3o ter fim&#8221;.<\/p>\n<p class=\"text\">Apesar da perda, <strong>Lexa<\/strong> e <strong>Ricardo<\/strong> encontraram for\u00e7as para seguir e escolheram celebrar a uni\u00e3o com uma cerim\u00f4nia repleta de amor, f\u00e9 e significado, transformando a mem\u00f3ria de Sofia em parte viva do grande dia.<\/p>\n<blockquote class=\"instagram-media\" data-instgrm-captioned=\"\" data-instgrm-permalink=\"https:\/\/www.instagram.com\/reel\/DPpNCZ7ghbf\/?utm_source=ig_embed&amp;utm_campaign=loading\" data-instgrm-version=\"14\" style=\"background: #FFF; border: 0; border-radius: 3px; box-shadow: 0 0 1px 0 rgba(0,0,0,0.5),0 1px 10px 0 rgba(0,0,0,0.15); margin: 1px; max-width: 540px; min-width: 326px; padding: 0; width: calc(100% - 2px);\">\n<p>     View this post on Instagram <\/p>\n<p class=\"text\" style=\"color: #c9c8cd; font-family: Arial,sans-serif; font-size: 14px; line-height: 17px; margin-bottom: 0; margin-top: 8px; overflow: hidden; padding: 8px 0 7px; text-align: center; text-overflow: ellipsis; white-space: nowrap;\"><a href=\"https:\/\/www.instagram.com\/reel\/DPpNCZ7ghbf\/?utm_source=ig_embed&amp;utm_campaign=loading\" rel=\"noopener nofollow\" style=\"color: #c9c8cd; font-family: Arial,sans-serif; font-size: 14px; font-style: normal; font-weight: normal; line-height: 17px; text-decoration: none;\" target=\"_blank\">A post shared by Alberto Fonseca &#8211; Decora\u00e7\u00e3o (@albertofonsecaa)<\/a><\/p>\n<\/blockquote>\n<p>                            <script async src=\"\/\/www.instagram.com\/embed.js\"><\/script><\/p>\n","protected":false},"excerpt":{"rendered":"Em cerim\u00f4nia no Rio de Janeiro, Lexa e Ricardo Vianna celebraram o casamento nesta sexta-feira (10) e prestaram&hellip;\n","protected":false},"author":2,"featured_media":106615,"comment_status":"","ping_status":"","sticky":false,"template":"","format":"standard","meta":{"footnotes":""},"categories":[142],"tags":[114,115,32,33,151],"class_list":{"0":"post-106614","1":"post","2":"type-post","3":"status-publish","4":"format-standard","5":"has-post-thumbnail","7":"category-tv","8":"tag-entertainment","9":"tag-entretenimento","10":"tag-portugal","11":"tag-pt","12":"tag-tv"},"share_on_mastodon":{"url":"","error":""},"_links":{"self":[{"href":"https:\/\/www.europesays.com\/pt\/wp-json\/wp\/v2\/posts\/106614","targetHints":{"allow":["GET"]}}],"collection":[{"href":"https:\/\/www.europesays.com\/pt\/wp-json\/wp\/v2\/posts"}],"about":[{"href":"https:\/\/www.europesays.com\/pt\/wp-json\/wp\/v2\/types\/post"}],"author":[{"embeddable":true,"href":"https:\/\/www.europesays.com\/pt\/wp-json\/wp\/v2\/users\/2"}],"replies":[{"embeddable":true,"href":"https:\/\/www.europesays.com\/pt\/wp-json\/wp\/v2\/comments?post=106614"}],"version-history":[{"count":0,"href":"https:\/\/www.europesays.com\/pt\/wp-json\/wp\/v2\/posts\/106614\/revisions"}],"wp:featuredmedia":[{"embeddable":true,"href":"https:\/\/www.europesays.com\/pt\/wp-json\/wp\/v2\/media\/106615"}],"wp:attachment":[{"href":"https:\/\/www.europesays.com\/pt\/wp-json\/wp\/v2\/media?parent=106614"}],"wp:term":[{"taxonomy":"category","embeddable":true,"href":"https:\/\/www.europesays.com\/pt\/wp-json\/wp\/v2\/categories?post=106614"},{"taxonomy":"post_tag","embeddable":true,"href":"https:\/\/www.europesays.com\/pt\/wp-json\/wp\/v2\/tags?post=106614"}],"curies":[{"name":"wp","href":"https:\/\/api.w.org\/{rel}","templated":true}]}}