{"id":106616,"date":"2025-10-11T17:44:16","date_gmt":"2025-10-11T17:44:16","guid":{"rendered":"https:\/\/www.europesays.com\/pt\/106616\/"},"modified":"2025-10-11T17:44:16","modified_gmt":"2025-10-11T17:44:16","slug":"policia-civil-deflagra-operacao-hades-para-investigar-homicidio-qualificado-novafm103-com-br","status":"publish","type":"post","link":"https:\/\/www.europesays.com\/pt\/106616\/","title":{"rendered":"Pol\u00edcia Civil Deflagra Opera\u00e7\u00e3o Hades para Investigar Homic\u00eddio Qualificado &#8211; novafm103.com.br"},"content":{"rendered":"<ol>\n<li><a href=\"https:\/\/news.google.com\/rss\/articles\/CBMiVkFVX3lxTE1WclJNMWN6aWZTZHlPTlBWSnhtYlg5VkxObjhJWGlXcHNsS3BLTXRkMkxtRlVIUHBKUzdlMFZweTRpRGR0QXVxbXJXcEFqaWtZYTJreVRB?oc=5\" target=\"_blank\" rel=\"nofollow noopener\">Pol\u00edcia Civil Deflagra Opera\u00e7\u00e3o Hades para Investigar Homic\u00eddio Qualificado<\/a>&nbsp;&nbsp;novafm103.com.br<\/li>\n<li><a href=\"https:\/\/news.google.com\/rss\/articles\/CBMixwFBVV95cUxQa3dqOEJCWkticVJ3M3o3MkRJVzFUTTNoa3V0RzV3NGFPVTlRNnJqZUhTWUlQWFM1YmhsUHNlYmhxalIwV05Iclg3Qnl5aU5UMEVQY0hHM1FtYXZwSE1aYWxuWUc0TlVXLXJBcWZSeXZWWGx4TnI5R1M4eEpWLUVzRmdwa3hINUpSU1VUZHhoUE5EaUduTktVYkszWXRMNWk2Qm1jTkg4SU9sRHR6VUFXcHRMMEROV1dWNWgzc1VqcVRYdGt4ODNn?oc=5\" target=\"_blank\" rel=\"nofollow noopener\">Pol\u00edcia Civil deflagra Opera\u00e7\u00e3o \u201cHADES\u201d e prende suspeitos de homic\u00eddio brutal em Sul Brasil<\/a>&nbsp;&nbsp;rco.com.br<\/li>\n<li><a href=\"https:\/\/news.google.com\/rss\/articles\/CBMixwFBVV95cUxNTE1iUlpMbkFpdVM5MS14UE96X1N6dWZCdU9WV1pkellkTHV3dGxZTWNXNkdsa2xhMlk3b19IVEEzMnlEc1dLZTNCTE9fbkYxOERUWXZ0WE1sdUR4M0tLeDVnLUVOUGtSYUhZMHFHc3N6R3kyVjZZWWtoTmo3Q3hqZXR1M0RDbWJvY0FmbDNKUTc5VFRrWUZsa1Z0bnhhcGZnWHNuV2FzREs5RENERmtuX2huUXV0R1ZvdGNyOE45NHRUbV9CZEo4?oc=5\" target=\"_blank\" rel=\"nofollow noopener\">Homens s\u00e3o presos em opera\u00e7\u00e3o da pol\u00edcia por homic\u00eddio ocorrido em Sul Brasil<\/a>&nbsp;&nbsp;Grupo A Sua Voz<\/li>\n<li><a href=\"https:\/\/news.google.com\/rss\/articles\/CBMiywFBVV95cUxOU0wzZnZER2NOUEF1QUhyNFVGM0xHTllrZDh0VE1tSDE1NDBqY1FJWVpsWXhSQzU4Rk8ycElYbUx5NGI0ZzdFWldHNXVndi1BMUhWekY2RG5acDNFd21OaGVvZ1ZWaThoXzRGSVE5VFg3OFZEOHNPQ3RiZXBYTVhwSy1VM1l0TUQwVE9hQVhyX2ZwM3RSckNRZWxzUmZoYzRkVmdiWEZmZ3hQWkpYbm1scEp4RFZWN01ob1RZSGxtZHRZLVkzTVRHcXY3Yw?oc=5\" target=\"_blank\" rel=\"nofollow noopener\">Investiga\u00e7\u00e3o de homic\u00eddio em Sul Brasil mobiliza for\u00e7as de seguran\u00e7a nesta quinta-feira (02)<\/a>&nbsp;&nbsp;WH3<\/li>\n<li><a href=\"https:\/\/news.google.com\/rss\/articles\/CBMitwFBVV95cUxOZmk5RmtuTHJDcEJvazh0R2V1Y0cxTi1XZlAtZ3dZLTlIT3FwLThWVmhXLVM4M2tMWkNhVXNZSEZwSnRrdDJSVzJEVnRnNy1VbzRieC1FNkptZGpJR2VOR0lkTEh6bmRQM3h1ckRMakVCa3ZJeGNuUDNCUEIzZHpnXzRaZ2dqUnVveFdjd0thb3JyN1N6SUxwWVhWSE5pc2xSSXE3WVEtamJ2LVMtNkhhNllYRDdPSE0?oc=5\" target=\"_blank\" rel=\"nofollow noopener\">Pol\u00edcia investiga mist\u00e9rio de corpo esfaqueado encontrado sozinho em casa de SC<\/a>&nbsp;&nbsp;NSC Total<\/li>\n<\/ol>\n","protected":false},"excerpt":{"rendered":"Pol\u00edcia Civil Deflagra Opera\u00e7\u00e3o Hades para Investigar Homic\u00eddio Qualificado&nbsp;&nbsp;novafm103.com.br Pol\u00edcia Civil deflagra Opera\u00e7\u00e3o \u201cHADES\u201d e prende suspeitos de&hellip;\n","protected":false},"author":2,"featured_media":5730,"comment_status":"","ping_status":"","sticky":false,"template":"","format":"standard","meta":{"footnotes":""},"categories":[141],"tags":[114,115,149,150,3100,32,33],"class_list":{"0":"post-106616","1":"post","2":"type-post","3":"status-publish","4":"format-standard","5":"has-post-thumbnail","7":"category-musica","8":"tag-entertainment","9":"tag-entretenimento","10":"tag-music","11":"tag-musica","12":"tag-nova-fm-103-1-fm-pinhalzinho-sc","13":"tag-portugal","14":"tag-pt"},"share_on_mastodon":{"url":"","error":""},"_links":{"self":[{"href":"https:\/\/www.europesays.com\/pt\/wp-json\/wp\/v2\/posts\/106616","targetHints":{"allow":["GET"]}}],"collection":[{"href":"https:\/\/www.europesays.com\/pt\/wp-json\/wp\/v2\/posts"}],"about":[{"href":"https:\/\/www.europesays.com\/pt\/wp-json\/wp\/v2\/types\/post"}],"author":[{"embeddable":true,"href":"https:\/\/www.europesays.com\/pt\/wp-json\/wp\/v2\/users\/2"}],"replies":[{"embeddable":true,"href":"https:\/\/www.europesays.com\/pt\/wp-json\/wp\/v2\/comments?post=106616"}],"version-history":[{"count":0,"href":"https:\/\/www.europesays.com\/pt\/wp-json\/wp\/v2\/posts\/106616\/revisions"}],"wp:featuredmedia":[{"embeddable":true,"href":"https:\/\/www.europesays.com\/pt\/wp-json\/wp\/v2\/media\/5730"}],"wp:attachment":[{"href":"https:\/\/www.europesays.com\/pt\/wp-json\/wp\/v2\/media?parent=106616"}],"wp:term":[{"taxonomy":"category","embeddable":true,"href":"https:\/\/www.europesays.com\/pt\/wp-json\/wp\/v2\/categories?post=106616"},{"taxonomy":"post_tag","embeddable":true,"href":"https:\/\/www.europesays.com\/pt\/wp-json\/wp\/v2\/tags?post=106616"}],"curies":[{"name":"wp","href":"https:\/\/api.w.org\/{rel}","templated":true}]}}