{"id":106617,"date":"2025-10-11T17:45:15","date_gmt":"2025-10-11T17:45:15","guid":{"rendered":"https:\/\/www.europesays.com\/pt\/106617\/"},"modified":"2025-10-11T17:45:15","modified_gmt":"2025-10-11T17:45:15","slug":"documentario-potiguar-mukuna-vence-festival-internacional-no-peru","status":"publish","type":"post","link":"https:\/\/www.europesays.com\/pt\/106617\/","title":{"rendered":"Document\u00e1rio potiguar \u201cMukun\u00e3\u201d vence festival internacional no Peru"},"content":{"rendered":"<p>\u201cMukun\u00e3 \u2013 Aprendiz de Paj\u00e9\u201d, dirigido por Rodrigo Sena e produzido por Clarisse Kubrusly, nasce desse lugar: o ponto em que a c\u00e2mera se curva diante do sagrado e o som das folhas se torna reza. O document\u00e1rio potiguar, realizado com apoio da Prefeitura do Natal por meio da Lei Paulo Gustavo, acaba de conquistar o pr\u00eamio de Melhor Document\u00e1rio Internacional no CUCIF 2025 \u2014 Cuzco Underground Cinema Festival, no Peru.<\/p>\n<p>O festival, sediado na hist\u00f3rica cidade de Cuzco, reconhecida como o cora\u00e7\u00e3o da cultura Inca, \u00e9 um encontro entre tempos. As proje\u00e7\u00f5es acontecem em muros de pedra milenares, onde o passado conversa com o presente e agora tamb\u00e9m com o Nordeste brasileiro.<\/p>\n<p>Em meio a tantas vozes que ecoam pelos Andes, uma delas veio do litoral do Rio Grande do Norte: Mukun\u00e3, jovem da aldeia Potiguara Katu, que se prepara para se tornar paj\u00e9. Sua forma\u00e7\u00e3o n\u00e3o se d\u00e1 em livros ou templos, mas nas folhas, ra\u00edzes e ventos. S\u00e3o as plantas de poder, mais antigas que os humanos, que o ensinam a ouvir a terra e a cuidar dela.<\/p>\n<p>O filme  \u00e9 uma den\u00fancia viva contra o desmatamento que amea\u00e7a o territ\u00f3rio ind\u00edgena e, junto dele, o equil\u00edbrio de um modo de vida. Mas \u201cMukun\u00e3\u201d n\u00e3o \u00e9 apenas den\u00fancia: \u00e9 tamb\u00e9m canto de resist\u00eancia, celebra\u00e7\u00e3o da espiritualidade e afirma\u00e7\u00e3o da sabedoria que brota da terra. Confira o trailer:<\/p>\n<blockquote class=\"wp-block-quote is-layout-flow wp-block-quote-is-layout-flow\">\n<p>\u201cEste pr\u00eamio \u00e9 uma vit\u00f3ria para a equipe do document\u00e1rio e para toda a cidade. Ele mostra como os investimentos da Prefeitura em cultura s\u00e3o capazes de transformar vidas e dar visibilidade ao talento dos nossos artistas\u201d, declarou Iracy Azevedo, secret\u00e1ria municipal de Cultura e presidente da Funcarte, ao comemorar a conquista.<\/p>\n<\/blockquote>\n<p>O roteiro de Rodrigo Sena e Manoel Batista revela o olhar po\u00e9tico de quem compreende que filmar \u00e9 tamb\u00e9m um ato de escuta. A equipe t\u00e9cnica: Yuri Amaral (montagem), Wallace Santos (dire\u00e7\u00e3o de arte), Jota Marciano (som) e o pr\u00f3prio Sena na fotografia ,constr\u00f3i um universo sensorial em que a floresta respira junto com a c\u00e2mera.<\/p>\n<p>\u201cMukun\u00e3 \u2013 Aprendiz de Paj\u00e9\u201d \u00e9 distribu\u00eddo pela Katu Distribuidora, com produ\u00e7\u00e3o das empresas Ori Audiovisual e Bobox Produ\u00e7\u00f5es. <\/p>\n<p>O pr\u00eamio em Cuzco representa o reconhecimento internacional da produ\u00e7\u00e3o potiguar. Para Mukun\u00e3 e seu povo, \u00e9 mais um sinal de que suas hist\u00f3rias tantas vezes silenciadas continuam germinando, como sementes antigas que insistem em florescer.<\/p>\n<p>Rodrigo Sena, que j\u00e1 havia sido premiado com os curtas \u201cO Menino do Dente de Ouro\u201d, \u201cCuscuz Peitinho\u201d e \u201cA Tradicional Fam\u00edlia Brasileira Katu\u201d, e que dirigiu a s\u00e9rie \u201cEncantarias\u201d, segue consolidando uma trajet\u00f3ria guiada pela escuta das ancestralidades. Agora, em \u201cMukun\u00e3\u201d, ele volta seus olhos para o invis\u00edvel: o saber que nasce do ch\u00e3o e se ergue em forma de imagem.<\/p>\n<p><strong>SAIBA+<br \/><\/strong><a href=\"https:\/\/saibamais.jor.br\/2025\/09\/da-roca-a-academia-documentario-revela-a-jornada-da-mae-de-santo-potiguar-iya-luciene\/\" rel=\"nofollow noopener\" target=\"_blank\">Da ro\u00e7a \u00e0 academia: document\u00e1rio revela a jornada da m\u00e3e de santo potiguar Iy\u00e1 Luciene<\/a><br \/><a href=\"https:\/\/saibamais.jor.br\/2025\/09\/documentario-resgata-historia-dos-massacres-de-cunhau-e-uruacu\/\" rel=\"nofollow noopener\" target=\"_blank\">Document\u00e1rio resgata hist\u00f3ria dos massacres de Cunha\u00fa e Urua\u00e7u<\/a><\/p>\n","protected":false},"excerpt":{"rendered":"\u201cMukun\u00e3 \u2013 Aprendiz de Paj\u00e9\u201d, dirigido por Rodrigo Sena e produzido por Clarisse Kubrusly, nasce desse lugar: o&hellip;\n","protected":false},"author":2,"featured_media":106618,"comment_status":"","ping_status":"","sticky":false,"template":"","format":"standard","meta":{"footnotes":""},"categories":[140],"tags":[470,315,114,115,147,148,146,32,33,10563],"class_list":{"0":"post-106617","1":"post","2":"type-post","3":"status-publish","4":"format-standard","5":"has-post-thumbnail","7":"category-filmes","8":"tag-cinema","9":"tag-cultura","10":"tag-entertainment","11":"tag-entretenimento","12":"tag-film","13":"tag-filmes","14":"tag-movies","15":"tag-portugal","16":"tag-pt","17":"tag-rn"},"share_on_mastodon":{"url":"","error":""},"_links":{"self":[{"href":"https:\/\/www.europesays.com\/pt\/wp-json\/wp\/v2\/posts\/106617","targetHints":{"allow":["GET"]}}],"collection":[{"href":"https:\/\/www.europesays.com\/pt\/wp-json\/wp\/v2\/posts"}],"about":[{"href":"https:\/\/www.europesays.com\/pt\/wp-json\/wp\/v2\/types\/post"}],"author":[{"embeddable":true,"href":"https:\/\/www.europesays.com\/pt\/wp-json\/wp\/v2\/users\/2"}],"replies":[{"embeddable":true,"href":"https:\/\/www.europesays.com\/pt\/wp-json\/wp\/v2\/comments?post=106617"}],"version-history":[{"count":0,"href":"https:\/\/www.europesays.com\/pt\/wp-json\/wp\/v2\/posts\/106617\/revisions"}],"wp:featuredmedia":[{"embeddable":true,"href":"https:\/\/www.europesays.com\/pt\/wp-json\/wp\/v2\/media\/106618"}],"wp:attachment":[{"href":"https:\/\/www.europesays.com\/pt\/wp-json\/wp\/v2\/media?parent=106617"}],"wp:term":[{"taxonomy":"category","embeddable":true,"href":"https:\/\/www.europesays.com\/pt\/wp-json\/wp\/v2\/categories?post=106617"},{"taxonomy":"post_tag","embeddable":true,"href":"https:\/\/www.europesays.com\/pt\/wp-json\/wp\/v2\/tags?post=106617"}],"curies":[{"name":"wp","href":"https:\/\/api.w.org\/{rel}","templated":true}]}}