{"id":106621,"date":"2025-10-11T17:47:24","date_gmt":"2025-10-11T17:47:24","guid":{"rendered":"https:\/\/www.europesays.com\/pt\/106621\/"},"modified":"2025-10-11T17:47:24","modified_gmt":"2025-10-11T17:47:24","slug":"as-mulheres-tem-o-dobro-dos-genes-de-depressao-dos-homens-mas-cometem-menos-suicidio","status":"publish","type":"post","link":"https:\/\/www.europesays.com\/pt\/106621\/","title":{"rendered":"As mulheres t\u00eam o dobro dos genes de depress\u00e3o dos homens. Mas cometem menos suic\u00eddio"},"content":{"rendered":"<p class=\"wp-caption-text top\"><a href=\"https:\/\/depositphotos.com\/photo\/sad-woman-sitting-beach-complaining-alone-cloudy-day-245860610.html\" rel=\"nofollow noopener noreferrer\" data-wpel-link=\"exclude\" target=\"_blank\">AntonioGuillemF  \/ Depositphotos <\/a><\/p>\n<p><img decoding=\"async\" loading=\"lazy\" class=\"size-kopa-image-size-3 wp-image-702372\" src=\"https:\/\/www.europesays.com\/pt\/wp-content\/uploads\/2025\/10\/8f1d161cd1eea16499941d09d0ee0bdd-783x450.jpg\" alt=\"\" width=\"700\" height=\"402\"  \/><\/p>\n<p><strong>As mulheres t\u00eam geneticamente um risco mais elevado de depress\u00e3o cl\u00ednica do que os homens. Ainda assim, matam-se menos.<br \/><\/strong><\/p>\n<p>Os n\u00fameros n\u00e3o deixam d\u00favidas: os homens cometem mais suic\u00eddio do que as mulheres. No final de 2023, um estudo do Instituto de M\u00e9tricas e Avalia\u00e7\u00e3o em Sa\u00fade da Universidade de Washington, divulgado pela Organiza\u00e7\u00e3o para a Coopera\u00e7\u00e3o e Desenvolvimento Econ\u00f3mico (OCDE), revelou que <a href=\"https:\/\/zap.aeiou.pt\/os-homens-tem-quatro-vezes-mais-probabilidades-de-se-suicidarem-do-que-as-mulheres-572747\" data-wpel-link=\"internal\" rel=\"nofollow noopener\" target=\"_blank\">os homens t\u00eam quase quatro vezes mais probabilidades de cometer suic\u00eddio<\/a>.<\/p>\n<p>No entanto, curiosamente, um estudo <a href=\"https:\/\/www.nature.com\/articles\/s41467-025-63236-1\" data-wpel-link=\"external\" target=\"_blank\" rel=\"nofollow external noopener noreferrer\" class=\"ext-link\">publicado<\/a> recentemente na Nature Communications revelou que as mulheres t\u00eam o dobro dos genes da depress\u00e3o em compara\u00e7\u00e3o com os homens.<\/p>\n<p>Apresentado como um dos maiores estudos de sempre do g\u00e9nero, os cientistas analisaram o ADN de quase 200.000 pessoas com depress\u00e3o para identificar \u201cmarcadores\u201d gen\u00e9ticos partilhados.<\/p>\n<p>As <strong>mulheres tinham quase o dobro destes marcadores gen\u00e9ticos<\/strong> associados \u00e0 <strong>depress\u00e3o<\/strong> em compara\u00e7\u00e3o com os homens.<\/p>\n<p>\u201cO componente gen\u00e9tico da depress\u00e3o \u00e9 maior nas mulheres do que nos homens\u201d, afirmou, \u00e0 <a href=\"https:\/\/www.sciencealert.com\/women-have-twice-as-many-depression-genes-as-men-says-largest-of-its-kind-study\" data-wpel-link=\"external\" target=\"_blank\" rel=\"nofollow external noopener noreferrer\" class=\"ext-link\">Science Alert<\/a>, a investigadora <strong>Jodi Thomas<\/strong>, o Instituto de Investiga\u00e7\u00e3o M\u00e9dica Berghofer, da Austr\u00e1lia, que liderou o estudo.<\/p>\n<p>H\u00e1 muito que se sabe que a <a href=\"https:\/\/zap.aeiou.pt\/depressao-homens-mulheres-adn-527381\" data-wpel-link=\"internal\" rel=\"nofollow noopener\" target=\"_blank\">depress\u00e3o \u00e9 diferente nos homens e mulheres<\/a>, mas as causas biol\u00f3gicas permaneciam um mist\u00e9rio.<\/p>\n<p>Nesta investiga\u00e7\u00e3o, cerca de 13.000 marcadores gen\u00e9ticos foram associados \u00e0 depress\u00e3o nas mulheres, em compara\u00e7\u00e3o com 7 000 marcadores nos homens. Algumas destas altera\u00e7\u00f5es gen\u00e9ticas podem modificar vias biol\u00f3gicas ligadas ao <strong>metabolismo ou \u00e0 produ\u00e7\u00e3o hormonal<\/strong>.<\/p>\n<p>\u201cEncontr\u00e1mos algumas <strong>diferen\u00e7as gen\u00e9ticas que podem ajudar a explicar<\/strong> porque \u00e9 que as mulheres com depress\u00e3o apresentam com maior frequ\u00eancia sintomas metab\u00f3licos, como altera\u00e7\u00f5es de peso ou de n\u00edveis de energia\u201d, disse Thomas.<\/p>\n<p>A depress\u00e3o cl\u00ednica, ou transtorno depressivo maior, \u00e9 uma das doen\u00e7as mentais mais comuns no mundo. Segundo a OMS, <strong>mais de 300 milh\u00f5es de pessoas em todo o mundo sofrem de depress\u00e3o<\/strong>.<\/p>\n<p>    <a href=\"https:\/\/zap.aeiou.pt\/subscrever-newsletter\" data-wpel-link=\"internal\" rel=\"nofollow noopener\" target=\"_blank\">&#13;<br \/>\n        <img loading=\"lazy\" decoding=\"async\" class=\"aligncenter size-full wp-image-575475\" src=\"https:\/\/www.europesays.com\/pt\/wp-content\/uploads\/2025\/10\/1759862234_971_2d51fe4a0ba54894421ead1809309ed9-1-450x140.jpg\" alt=\"Subscreva a Newsletter ZAP\" width=\"450\" height=\"140\"\/>&#13;<br \/>\n    <\/a><\/p>\n<p>                <a href=\"https:\/\/whatsapp.com\/channel\/0029VaIC4EE2f3EJZPPSbR34\" data-wpel-link=\"external\" target=\"_blank\" rel=\"nofollow external noopener noreferrer\" class=\"ext-link\">&#13;<br \/>\n                    <img loading=\"lazy\" decoding=\"async\" class=\"aligncenter size-full wp-image-575475\" src=\"https:\/\/www.europesays.com\/pt\/wp-content\/uploads\/2025\/10\/1759862234_512_c68c559d956d4ca20f435ed74a6e71e6.png\" alt=\"Siga-nos no WhatsApp\" width=\"175\" height=\"64\"\/>&#13;<br \/>\n                <\/a><\/p>\n<p>                <a href=\"https:\/\/news.google.com\/publications\/CAAiEHRwZondIV71PDjWNoqMduEqFAgKIhB0cGaJ3SFe9Tw41jaKjHbh?hl=en-US&amp;gl=US&amp;ceid=US%3Aen\" data-wpel-link=\"external\" target=\"_blank\" rel=\"nofollow external noopener noreferrer\" class=\"ext-link\">&#13;<br \/>\n                    <img loading=\"lazy\" decoding=\"async\" class=\"aligncenter size-full wp-image-575475\" src=\"https:\/\/www.europesays.com\/pt\/wp-content\/uploads\/2025\/10\/1759862235_242_5123dd8b087b644fdb8f8603acd1bad4.png\" alt=\"Siga-nos no Google News\" width=\"176\" height=\"64\"\/>&#13;<br \/>\n                <\/a><\/p>\n","protected":false},"excerpt":{"rendered":"AntonioGuillemF \/ Depositphotos As mulheres t\u00eam geneticamente um risco mais elevado de depress\u00e3o cl\u00ednica do que os homens.&hellip;\n","protected":false},"author":2,"featured_media":106622,"comment_status":"","ping_status":"","sticky":false,"template":"","format":"standard","meta":{"footnotes":""},"categories":[86],"tags":[1531,2217,116,32,33,117,1030,10382],"class_list":{"0":"post-106621","1":"post","2":"type-post","3":"status-publish","4":"format-standard","5":"has-post-thumbnail","7":"category-saude","8":"tag-depressao","9":"tag-genetica","10":"tag-health","11":"tag-portugal","12":"tag-pt","13":"tag-saude","14":"tag-saude-mental","15":"tag-suicidio"},"share_on_mastodon":{"url":"","error":""},"_links":{"self":[{"href":"https:\/\/www.europesays.com\/pt\/wp-json\/wp\/v2\/posts\/106621","targetHints":{"allow":["GET"]}}],"collection":[{"href":"https:\/\/www.europesays.com\/pt\/wp-json\/wp\/v2\/posts"}],"about":[{"href":"https:\/\/www.europesays.com\/pt\/wp-json\/wp\/v2\/types\/post"}],"author":[{"embeddable":true,"href":"https:\/\/www.europesays.com\/pt\/wp-json\/wp\/v2\/users\/2"}],"replies":[{"embeddable":true,"href":"https:\/\/www.europesays.com\/pt\/wp-json\/wp\/v2\/comments?post=106621"}],"version-history":[{"count":0,"href":"https:\/\/www.europesays.com\/pt\/wp-json\/wp\/v2\/posts\/106621\/revisions"}],"wp:featuredmedia":[{"embeddable":true,"href":"https:\/\/www.europesays.com\/pt\/wp-json\/wp\/v2\/media\/106622"}],"wp:attachment":[{"href":"https:\/\/www.europesays.com\/pt\/wp-json\/wp\/v2\/media?parent=106621"}],"wp:term":[{"taxonomy":"category","embeddable":true,"href":"https:\/\/www.europesays.com\/pt\/wp-json\/wp\/v2\/categories?post=106621"},{"taxonomy":"post_tag","embeddable":true,"href":"https:\/\/www.europesays.com\/pt\/wp-json\/wp\/v2\/tags?post=106621"}],"curies":[{"name":"wp","href":"https:\/\/api.w.org\/{rel}","templated":true}]}}