{"id":106627,"date":"2025-10-11T17:51:18","date_gmt":"2025-10-11T17:51:18","guid":{"rendered":"https:\/\/www.europesays.com\/pt\/106627\/"},"modified":"2025-10-11T17:51:18","modified_gmt":"2025-10-11T17:51:18","slug":"19-pessoas-desaparecidas-apos-explosao-em-fabrica-de-explosivos-militares-no-tennessee","status":"publish","type":"post","link":"https:\/\/www.europesays.com\/pt\/106627\/","title":{"rendered":"19 pessoas desaparecidas ap\u00f3s explos\u00e3o em f\u00e1brica de explosivos militares no Tennessee"},"content":{"rendered":"<p>Uma forte explos\u00e3o ocorreu hoje<strong> numa f\u00e1brica de explosivos militares no estado norte-americano do Tennessee, provocando um inc\u00eandio e o p\u00e2nico entre os moradores de v\u00e1rias localidades vizinhas, informaram as autoridades locais. 19 pessoas continuam desaparecidas<\/strong><\/p>\n<p>A explos\u00e3o ocorreu pouco antes das 8h00, hora local, e foi ouvida a quil\u00f4metros de dist\u00e2ncia, com as <strong>autoridades a pedirem \u00e0 popula\u00e7\u00e3o para evitar a zona<\/strong>, uma vez que as equipas de emerg\u00eancia lutaram com dificuldades para aceder ao local por causa da repeti\u00e7\u00e3o de pequenas explos\u00f5es.<\/p>\n<p>Em imagens transmitidas pela esta\u00e7\u00e3o <a href=\"https:\/\/www.newschannel5.com\/\" target=\"_blank\" rel=\"noopener noreferrer nofollow\">WTVF-TV<\/a>, de Nashville, e relatadas pelas ag\u00eancias internacionais, \u00e9 vis\u00edvel um vasto campo de destro\u00e7os em chamas e nuvens de fumo a erguerem-se sobre a instala\u00e7\u00f5es da f\u00e1brica. V\u00e1rios ve\u00edculos estacionados nas imedia\u00e7\u00f5es ficaram danificados.<\/p>\n","protected":false},"excerpt":{"rendered":"Uma forte explos\u00e3o ocorreu hoje numa f\u00e1brica de explosivos militares no estado norte-americano do Tennessee, provocando um inc\u00eandio&hellip;\n","protected":false},"author":2,"featured_media":106628,"comment_status":"","ping_status":"","sticky":false,"template":"","format":"standard","meta":{"footnotes":""},"categories":[50],"tags":[27,28,15,16,14,25,26,21,22,62,12,13,19,20,23,24,17,18,29,30,31,63,64,65],"class_list":{"0":"post-106627","1":"post","2":"type-post","3":"status-publish","4":"format-standard","5":"has-post-thumbnail","7":"category-mundo","8":"tag-breaking-news","9":"tag-breakingnews","10":"tag-featured-news","11":"tag-featurednews","12":"tag-headlines","13":"tag-latest-news","14":"tag-latestnews","15":"tag-main-news","16":"tag-mainnews","17":"tag-mundo","18":"tag-news","19":"tag-noticias","20":"tag-noticias-principais","21":"tag-noticiasprincipais","22":"tag-principais-noticias","23":"tag-principaisnoticias","24":"tag-top-stories","25":"tag-topstories","26":"tag-ultimas","27":"tag-ultimas-noticias","28":"tag-ultimasnoticias","29":"tag-world","30":"tag-world-news","31":"tag-worldnews"},"share_on_mastodon":{"url":"","error":""},"_links":{"self":[{"href":"https:\/\/www.europesays.com\/pt\/wp-json\/wp\/v2\/posts\/106627","targetHints":{"allow":["GET"]}}],"collection":[{"href":"https:\/\/www.europesays.com\/pt\/wp-json\/wp\/v2\/posts"}],"about":[{"href":"https:\/\/www.europesays.com\/pt\/wp-json\/wp\/v2\/types\/post"}],"author":[{"embeddable":true,"href":"https:\/\/www.europesays.com\/pt\/wp-json\/wp\/v2\/users\/2"}],"replies":[{"embeddable":true,"href":"https:\/\/www.europesays.com\/pt\/wp-json\/wp\/v2\/comments?post=106627"}],"version-history":[{"count":0,"href":"https:\/\/www.europesays.com\/pt\/wp-json\/wp\/v2\/posts\/106627\/revisions"}],"wp:featuredmedia":[{"embeddable":true,"href":"https:\/\/www.europesays.com\/pt\/wp-json\/wp\/v2\/media\/106628"}],"wp:attachment":[{"href":"https:\/\/www.europesays.com\/pt\/wp-json\/wp\/v2\/media?parent=106627"}],"wp:term":[{"taxonomy":"category","embeddable":true,"href":"https:\/\/www.europesays.com\/pt\/wp-json\/wp\/v2\/categories?post=106627"},{"taxonomy":"post_tag","embeddable":true,"href":"https:\/\/www.europesays.com\/pt\/wp-json\/wp\/v2\/tags?post=106627"}],"curies":[{"name":"wp","href":"https:\/\/api.w.org\/{rel}","templated":true}]}}