{"id":106658,"date":"2025-10-11T18:20:25","date_gmt":"2025-10-11T18:20:25","guid":{"rendered":"https:\/\/www.europesays.com\/pt\/106658\/"},"modified":"2025-10-11T18:20:25","modified_gmt":"2025-10-11T18:20:25","slug":"grupo-de-famalicao-celebra-pau-de-fileira-em-obra-milionaria-em-lisboa","status":"publish","type":"post","link":"https:\/\/www.europesays.com\/pt\/106658\/","title":{"rendered":"Grupo de Famalic\u00e3o celebra &#8216;pau-de-fileira&#8217; em obra milion\u00e1ria em Lisboa"},"content":{"rendered":"<p>O grupo Gabriel Couto, de Famalic\u00e3o, celebrou esta semana a cerim\u00f3nia de \u201cpau-de-fileira\u201d na constru\u00e7\u00e3o das novas resid\u00eancias universit\u00e1rias da Universidade de Lisboa, por a estrutura da obra, avaliada em 36 milh\u00f5es de euros, estar completa. <\/p>\n<p>&#13;<br \/>\n&#13;<br \/>\n&#13;<\/p>\n<p>Trata-se dos edif\u00edcios 2 e 3 do conjunto de resid\u00eancias daquela universidade, cujo reitor, Lu\u00eds Ferreira, tamb\u00e9m marcou presen\u00e7a na celebra\u00e7\u00e3o que \u00e9 tradi\u00e7\u00e3o por entre as construtoras quando chegam ao ponto de ter as estruturas da obra todas de p\u00e9. <\/p>\n<p>O projeto inclui tr\u00eas edif\u00edcios, espa\u00e7o comercial, uma pra\u00e7a central e um local de estacionamento subterr\u00e2neo para 500 ve\u00edculos autom\u00f3veis. <\/p>\n<p>Segundo a Gabriel Couto, durante a celebra\u00e7\u00e3o e conv\u00edvio, houve tempo para atua\u00e7\u00e3o da Tuna Acad\u00e9mica de Farm\u00e1cia da Universidade de Lisboa. \u201cO nosso agradecimento a todos, na obra e na sede, \u00e9 a vossa dedica\u00e7\u00e3o que torna tudo isto poss\u00edvel\u201d, l\u00ea-se numa nota publicada pela construtora. <\/p>\n<p><img loading=\"lazy\" data-dominant-color=\"737f8a\" data-has-transparency=\"false\" style=\"--dominant-color: #737f8a;\" decoding=\"async\" width=\"1024\" height=\"683\" data-id=\"617283\" alt=\"Grupo de famalic\u00e3o celebra 'pau-de-fileira' em obra milion\u00e1ria em lisboa\" class=\"wp-image-617283 not-transparent perfmatters-lazy\" title=\"Grupo de famalic\u00e3o celebra 'pau-de-fileira' em obra milion\u00e1ria em lisboa 6\" src=\"https:\/\/www.europesays.com\/pt\/wp-content\/uploads\/2025\/10\/558461612_1124738333188625_4413157043212983051_n.jpg\"  data-\/>Grupo de Famalic\u00e3o celebra &#8216;pau-de-fileira&#8217; em obra milion\u00e1ria em Lisboa 12<\/p>\n<p><img loading=\"lazy\" data-dominant-color=\"8b8d8e\" data-has-transparency=\"false\" style=\"--dominant-color: #8b8d8e;\" decoding=\"async\" width=\"1024\" height=\"683\" data-id=\"617284\" alt=\"Grupo de famalic\u00e3o celebra 'pau-de-fileira' em obra milion\u00e1ria em lisboa\" class=\"wp-image-617284 not-transparent perfmatters-lazy\" title=\"Grupo de famalic\u00e3o celebra 'pau-de-fileira' em obra milion\u00e1ria em lisboa 7\" src=\"https:\/\/www.europesays.com\/pt\/wp-content\/uploads\/2025\/10\/558818878_1124738259855299_6358683245091367776_n.jpg\"  data-\/>Grupo de Famalic\u00e3o celebra &#8216;pau-de-fileira&#8217; em obra milion\u00e1ria em Lisboa 13<\/p>\n<p><img loading=\"lazy\" data-dominant-color=\"6a80a6\" data-has-transparency=\"false\" style=\"--dominant-color: #6a80a6;\" decoding=\"async\" width=\"1024\" height=\"683\" data-id=\"617285\" alt=\"Grupo de famalic\u00e3o celebra 'pau-de-fileira' em obra milion\u00e1ria em lisboa\" class=\"wp-image-617285 not-transparent perfmatters-lazy\" title=\"Grupo de famalic\u00e3o celebra 'pau-de-fileira' em obra milion\u00e1ria em lisboa 8\" src=\"https:\/\/www.europesays.com\/pt\/wp-content\/uploads\/2025\/10\/559455548_1124738293188629_1875525882135447218_n.jpg\"  data-\/>Grupo de Famalic\u00e3o celebra &#8216;pau-de-fileira&#8217; em obra milion\u00e1ria em Lisboa 14<\/p>\n<p><img loading=\"lazy\" data-dominant-color=\"a6afb8\" data-has-transparency=\"false\" style=\"--dominant-color: #a6afb8;\" decoding=\"async\" width=\"1024\" height=\"683\" data-id=\"617282\" alt=\"Grupo de famalic\u00e3o celebra 'pau-de-fileira' em obra milion\u00e1ria em lisboa\" class=\"wp-image-617282 not-transparent perfmatters-lazy\" title=\"Grupo de famalic\u00e3o celebra 'pau-de-fileira' em obra milion\u00e1ria em lisboa 9\" src=\"https:\/\/www.europesays.com\/pt\/wp-content\/uploads\/2025\/10\/559988099_1124738193188639_8408833322743763936_n.jpg\"  data-\/>Grupo de Famalic\u00e3o celebra &#8216;pau-de-fileira&#8217; em obra milion\u00e1ria em Lisboa 15<\/p>\n<p><img loading=\"lazy\" data-dominant-color=\"857f85\" data-has-transparency=\"false\" style=\"--dominant-color: #857f85;\" decoding=\"async\" width=\"1024\" height=\"683\" data-id=\"617286\" alt=\"Grupo de famalic\u00e3o celebra 'pau-de-fileira' em obra milion\u00e1ria em lisboa\" class=\"wp-image-617286 not-transparent perfmatters-lazy\" title=\"Grupo de famalic\u00e3o celebra 'pau-de-fileira' em obra milion\u00e1ria em lisboa 10\" src=\"https:\/\/www.europesays.com\/pt\/wp-content\/uploads\/2025\/10\/558470434_1124738339855291_3569555289949963466_n.jpg\"  data-\/>Grupo de Famalic\u00e3o celebra &#8216;pau-de-fileira&#8217; em obra milion\u00e1ria em Lisboa 16<\/p>\n<p><img loading=\"lazy\" data-dominant-color=\"7e8594\" data-has-transparency=\"false\" style=\"--dominant-color: #7e8594;\" decoding=\"async\" width=\"1024\" height=\"683\" data-id=\"617287\" alt=\"Grupo de famalic\u00e3o celebra 'pau-de-fileira' em obra milion\u00e1ria em lisboa\" class=\"wp-image-617287 not-transparent perfmatters-lazy\" title=\"Grupo de famalic\u00e3o celebra 'pau-de-fileira' em obra milion\u00e1ria em lisboa 11\" src=\"https:\/\/www.europesays.com\/pt\/wp-content\/uploads\/2025\/10\/558996354_1124738329855292_1232330614294770190_n.jpg\"  data-\/>Grupo de Famalic\u00e3o celebra &#8216;pau-de-fileira&#8217; em obra milion\u00e1ria em Lisboa 17<\/p>\n<p>O empreendimento, promovido pela Universidade de Lisboa, ecebeu financiamento ao abrigo do Plano de Recupera\u00e7\u00e3o e Resili\u00eancia e foi adjudicado \u00e0 empresa Gabriel Couto pelo valor global de 38 milh\u00f5es de euros, com prazo de execu\u00e7\u00e3o de cerca de dois anos.<\/p>\n<p>No total, ir\u00e1 acrescentar mais de 900 camas \u00e0 oferta na cidade de Lisboa, passando a ser a maior resid\u00eancia universit\u00e1ria do pa\u00eds. <\/p>\n<p>A arquitetura est\u00e1 a cargo da Saraiva+Associados. <\/p>\n","protected":false},"excerpt":{"rendered":"O grupo Gabriel Couto, de Famalic\u00e3o, celebrou esta semana a cerim\u00f3nia de \u201cpau-de-fileira\u201d na constru\u00e7\u00e3o das novas resid\u00eancias&hellip;\n","protected":false},"author":2,"featured_media":106659,"comment_status":"","ping_status":"","sticky":false,"template":"","format":"standard","meta":{"footnotes":""},"categories":[10],"tags":[27,28,15,16,14,25,26,21,22,12,13,19,20,32,23,24,33,17,18,29,30,31],"class_list":{"0":"post-106658","1":"post","2":"type-post","3":"status-publish","4":"format-standard","5":"has-post-thumbnail","7":"category-portugal","8":"tag-breaking-news","9":"tag-breakingnews","10":"tag-featured-news","11":"tag-featurednews","12":"tag-headlines","13":"tag-latest-news","14":"tag-latestnews","15":"tag-main-news","16":"tag-mainnews","17":"tag-news","18":"tag-noticias","19":"tag-noticias-principais","20":"tag-noticiasprincipais","21":"tag-portugal","22":"tag-principais-noticias","23":"tag-principaisnoticias","24":"tag-pt","25":"tag-top-stories","26":"tag-topstories","27":"tag-ultimas","28":"tag-ultimas-noticias","29":"tag-ultimasnoticias"},"share_on_mastodon":{"url":"","error":""},"_links":{"self":[{"href":"https:\/\/www.europesays.com\/pt\/wp-json\/wp\/v2\/posts\/106658","targetHints":{"allow":["GET"]}}],"collection":[{"href":"https:\/\/www.europesays.com\/pt\/wp-json\/wp\/v2\/posts"}],"about":[{"href":"https:\/\/www.europesays.com\/pt\/wp-json\/wp\/v2\/types\/post"}],"author":[{"embeddable":true,"href":"https:\/\/www.europesays.com\/pt\/wp-json\/wp\/v2\/users\/2"}],"replies":[{"embeddable":true,"href":"https:\/\/www.europesays.com\/pt\/wp-json\/wp\/v2\/comments?post=106658"}],"version-history":[{"count":0,"href":"https:\/\/www.europesays.com\/pt\/wp-json\/wp\/v2\/posts\/106658\/revisions"}],"wp:featuredmedia":[{"embeddable":true,"href":"https:\/\/www.europesays.com\/pt\/wp-json\/wp\/v2\/media\/106659"}],"wp:attachment":[{"href":"https:\/\/www.europesays.com\/pt\/wp-json\/wp\/v2\/media?parent=106658"}],"wp:term":[{"taxonomy":"category","embeddable":true,"href":"https:\/\/www.europesays.com\/pt\/wp-json\/wp\/v2\/categories?post=106658"},{"taxonomy":"post_tag","embeddable":true,"href":"https:\/\/www.europesays.com\/pt\/wp-json\/wp\/v2\/tags?post=106658"}],"curies":[{"name":"wp","href":"https:\/\/api.w.org\/{rel}","templated":true}]}}