{"id":106660,"date":"2025-10-11T18:21:35","date_gmt":"2025-10-11T18:21:35","guid":{"rendered":"https:\/\/www.europesays.com\/pt\/106660\/"},"modified":"2025-10-11T18:21:35","modified_gmt":"2025-10-11T18:21:35","slug":"sporting-benfica-voleibol-final-supertaca","status":"publish","type":"post","link":"https:\/\/www.europesays.com\/pt\/106660\/","title":{"rendered":"Sporting Benfica Voleibol Final Superta\u00e7a"},"content":{"rendered":"<p>&#13;<br \/>\n&#13;<br \/>\n                        Futebol feminino&#13;\n                    <\/p>\n<p class=\"news-title\">De Turim para a Catedral<\/p>\n<p>&#13;<br \/>\n                        Em Turim, na 1.\u00aa jornada da fase de liga da UEFA Women&#8217;s Champions League, as Inspiradoras bateram-se olhos nos olhos com a Juventus (2-1). Regressada a Lisboa, a equipa feminina de futebol do Benfica, al\u00e9m do jogo da Liga BPI, neste domingo, dias 12 de outubro, \u00e0s 11h00, frente ao Valadares Gaia, tamb\u00e9m j\u00e1 pensa no duelo da 2.\u00aa ronda da Champions, com o Arsenal. O palco do jogo de quinta-feira, 16 de outubro (20h00), n\u00e3o podia ser mais especial, ou n\u00e3o fosse ele o Est\u00e1dio da Luz. \u00c0s 11h00 de quarta-feira, durante 15 minutos, as \u00e1guias abrem o treino \u00e0 Comunica\u00e7\u00e3o Social. J\u00e1 a confer\u00eancia de Imprensa do treinador Ivan Baptista e de uma jogadora est\u00e1 marcada para as 14h30. As acredita\u00e7\u00f5es para a Champions fecham \u00e0s 12h00 de ter\u00e7a-feira, dia 14.\u00a0&#13;\n                    <\/p>\n","protected":false},"excerpt":{"rendered":"&#13; &#13; Futebol feminino&#13; De Turim para a Catedral &#13; Em Turim, na 1.\u00aa jornada da fase de&hellip;\n","protected":false},"author":2,"featured_media":106661,"comment_status":"","ping_status":"","sticky":false,"template":"","format":"standard","meta":{"footnotes":""},"categories":[8],"tags":[27,28,15,16,14,25,26,21,22,12,13,19,20,32,23,24,33,17,18,29,30,31],"class_list":{"0":"post-106660","1":"post","2":"type-post","3":"status-publish","4":"format-standard","5":"has-post-thumbnail","7":"category-principais-noticias","8":"tag-breaking-news","9":"tag-breakingnews","10":"tag-featured-news","11":"tag-featurednews","12":"tag-headlines","13":"tag-latest-news","14":"tag-latestnews","15":"tag-main-news","16":"tag-mainnews","17":"tag-news","18":"tag-noticias","19":"tag-noticias-principais","20":"tag-noticiasprincipais","21":"tag-portugal","22":"tag-principais-noticias","23":"tag-principaisnoticias","24":"tag-pt","25":"tag-top-stories","26":"tag-topstories","27":"tag-ultimas","28":"tag-ultimas-noticias","29":"tag-ultimasnoticias"},"share_on_mastodon":{"url":"","error":""},"_links":{"self":[{"href":"https:\/\/www.europesays.com\/pt\/wp-json\/wp\/v2\/posts\/106660","targetHints":{"allow":["GET"]}}],"collection":[{"href":"https:\/\/www.europesays.com\/pt\/wp-json\/wp\/v2\/posts"}],"about":[{"href":"https:\/\/www.europesays.com\/pt\/wp-json\/wp\/v2\/types\/post"}],"author":[{"embeddable":true,"href":"https:\/\/www.europesays.com\/pt\/wp-json\/wp\/v2\/users\/2"}],"replies":[{"embeddable":true,"href":"https:\/\/www.europesays.com\/pt\/wp-json\/wp\/v2\/comments?post=106660"}],"version-history":[{"count":0,"href":"https:\/\/www.europesays.com\/pt\/wp-json\/wp\/v2\/posts\/106660\/revisions"}],"wp:featuredmedia":[{"embeddable":true,"href":"https:\/\/www.europesays.com\/pt\/wp-json\/wp\/v2\/media\/106661"}],"wp:attachment":[{"href":"https:\/\/www.europesays.com\/pt\/wp-json\/wp\/v2\/media?parent=106660"}],"wp:term":[{"taxonomy":"category","embeddable":true,"href":"https:\/\/www.europesays.com\/pt\/wp-json\/wp\/v2\/categories?post=106660"},{"taxonomy":"post_tag","embeddable":true,"href":"https:\/\/www.europesays.com\/pt\/wp-json\/wp\/v2\/tags?post=106660"}],"curies":[{"name":"wp","href":"https:\/\/api.w.org\/{rel}","templated":true}]}}