{"id":106662,"date":"2025-10-11T18:22:10","date_gmt":"2025-10-11T18:22:10","guid":{"rendered":"https:\/\/www.europesays.com\/pt\/106662\/"},"modified":"2025-10-11T18:22:10","modified_gmt":"2025-10-11T18:22:10","slug":"ninguem-te-assume-gorda-jessica-vieira-responde-a-letra","status":"publish","type":"post","link":"https:\/\/www.europesays.com\/pt\/106662\/","title":{"rendered":"&#8220;Ningu\u00e9m te assume, gorda&#8221;: J\u00e9ssica Vieira responde \u00e0 letra!"},"content":{"rendered":"<p>Um pol\u00e9mico momento protagonizado por F\u00e1bio Pereira e Dylan Fonte, em contacto com\u00a0<a href=\"http:\/\/selfie.iol.pt\/famosos\/casa-dos-segredos-9\/bronca-em-secret-story-marisa-em-lagrimas-apos-acao-de-fabio-ninguem-tem-de-mexer-nas-minhas-partes-intimas\/20251010\/68e918b0d34e58bc6796c0dd\" target=\"_blank\" wbo-id=\"47\" rel=\"nofollow noopener\">Marisa Pires<\/a>, est\u00e1 a ganhar uma forte repercuss\u00e3o entre os telespectadores da nona edi\u00e7\u00e3o de &#8220;Secret Story &#8211; Casa dos Segredos&#8221;.<\/p>\n<p>F\u00e1bio Pereira e Dylan Fonte tentavam partir um ovo que Marisa Pires escondia quando um toque do primeiro concorrente do programa da esta\u00e7\u00e3o de Queluz de Baixo desencadeou um momento de tens\u00e3o. &#8220;Tira, F\u00e1bio&#8221;, disse Dylan Fonte. &#8220;Est\u00e1 dentro das cuecas&#8221;, atirou Marisa Pires, enquanto F\u00e1bio Pereira lhe tocava. &#8220;\u00d3 F\u00e1bio, \u00f3 F\u00e1bio!&#8221;, reclamou a mulher de\u00a0<a href=\"https:\/\/selfie.iol.pt\/famosos\/casa-dos-segredos-9\/secret-story-no-confessionario-marisa-faz-revelacao-sobre-pedro-jorge-sempre-teve-este-receio\/20251009\/68e82cc0d34ee0c2fed116b6\" target=\"_blank\" wbo-id=\"49\" rel=\"nofollow noopener\">Pedro Jorge<\/a>.\u00a0&#8220;J\u00e1 est\u00e1&#8221;, disse, ent\u00e3o, F\u00e1bio Pereira. &#8220;Conseguiste&#8221;, confirmou Dylan Fonte.<\/p>\n<p>Esta pol\u00e9mica tem originado as mais diferentes rea\u00e7\u00f5es fora de &#8220;<a href=\"https:\/\/tvi.iol.pt\/secretstory\/\" target=\"_blank\" rel=\"nofollow noopener\">Secret Story &#8211; Casa dos Segredos<\/a>&#8220;. Por exemplo, <a href=\"https:\/\/selfie.iol.pt\/famosos\/afonso-leitao\/apos-pedido-de-namoro-catarina-miranda-lanca-farpas-a-jessica-vieira-o-afonso-portou-se-como-um-senhor\/20251005\/68e2a44bd34ee0c2fed0e6e7\" target=\"_blank\" rel=\"nofollow noopener\">J\u00e9ssica Vieira<\/a> deixou uma cr\u00edtica a quem acusa Marisa Pires de ter escondido o ovo junto das partes \u00edntimas.<\/p>\n<p>&#8220;&#8216;N\u00e3o o metesse l\u00e1!&#8217;, algu\u00e9m que &#8216;meta&#8217; no\u00e7\u00e3o de limites a estas pessoas! Isto n\u00e3o \u00e9 o vale tudo, e tamb\u00e9m n\u00e3o \u00e9 o &#8216;meteu-se a jeito, que isto \u00e9 um jogo&#8217;! Continuo a dizer que n\u00e3o \u00e9 o vale tudo para atingir fins&#8221;, come\u00e7ou por referir J\u00e9ssica Vieira.<\/p>\n<p>Entretanto, esta mensagem dividiu opini\u00f5es e at\u00e9 valeu um coment\u00e1rio de \u00f3dio \u00e0 vencedora do &#8220;<a href=\"https:\/\/tvi.iol.pt\/bigbrother\/\" target=\"_blank\" rel=\"nofollow noopener\">Big Brother Ver\u00e3o<\/a>&#8220;. &#8220;Cala-te. Tu \u00e9s grande sofrida. Ningu\u00e9m te assume, gorda&#8221;, pode ler-se. E J\u00e9ssica Vieira respondeu \u00e0 letra: &#8220;Vou comer s\u00f3 mais um bocadinho por causa dessa. Quanto \u00f3dio, nossa.&#8221;<\/p>\n<p>Veja, agora, algumas das melhores imagens de J\u00e9ssica Vieira nas galerias de fotografias que prepar\u00e1mos para si.<\/p>\n<blockquote class=\"twitter-tweet\">\n<p lang=\"pt\">\u201cN\u00e3o o metesse l\u00e1!\u201d , algu\u00e9m que \u201cmeta\u201d no\u00e7\u00e3o de limites a estas pessoas!<br \/>Isto n\u00e3o \u00e9 o vale tudo, e tamb\u00e9m n\u00e3o \u00e9 o \u201cmeteu-se a jeito que isto \u00e9 um jogo\u201d!<br \/>Continuo a dizer que n\u00e3o \u00e9 o vale tudo para atingir fins.<a href=\"https:\/\/twitter.com\/hashtag\/sstvi?src=hash&amp;ref_src=twsrc%5Etfw\" rel=\"nofollow noopener\" target=\"_blank\">#sstvi<\/a><\/p>\n<p> \u2014 Jessica vieira oficial (@Jessicacsvieira) <a href=\"https:\/\/twitter.com\/Jessicacsvieira\/status\/1976650134273307085?ref_src=twsrc%5Etfw\" rel=\"nofollow noopener\" target=\"_blank\">October 10, 2025<\/a>\n<\/p><\/blockquote>\n<p>                        <script async src=\"https:\/\/platform.twitter.com\/widgets.js\" charset=\"utf-8\"><\/script><\/p>\n","protected":false},"excerpt":{"rendered":"Um pol\u00e9mico momento protagonizado por F\u00e1bio Pereira e Dylan Fonte, em contacto com\u00a0Marisa Pires, est\u00e1 a ganhar uma&hellip;\n","protected":false},"author":2,"featured_media":106663,"comment_status":"","ping_status":"","sticky":false,"template":"","format":"standard","meta":{"footnotes":""},"categories":[145],"tags":[2632,211,210,114,115,980,1417,619,32,33,1014,1315,1012,162,3664],"class_list":{"0":"post-106662","1":"post","2":"type-post","3":"status-publish","4":"format-standard","5":"has-post-thumbnail","7":"category-celebridades","8":"tag-casa-dos-segredos","9":"tag-celebridades","10":"tag-celebrities","11":"tag-entertainment","12":"tag-entretenimento","13":"tag-famosos","14":"tag-jessica-vieira","15":"tag-nacional","16":"tag-portugal","17":"tag-pt","18":"tag-reality-show","19":"tag-secret-story","20":"tag-selfie","21":"tag-tvi","22":"tag-twitter"},"share_on_mastodon":{"url":"","error":""},"_links":{"self":[{"href":"https:\/\/www.europesays.com\/pt\/wp-json\/wp\/v2\/posts\/106662","targetHints":{"allow":["GET"]}}],"collection":[{"href":"https:\/\/www.europesays.com\/pt\/wp-json\/wp\/v2\/posts"}],"about":[{"href":"https:\/\/www.europesays.com\/pt\/wp-json\/wp\/v2\/types\/post"}],"author":[{"embeddable":true,"href":"https:\/\/www.europesays.com\/pt\/wp-json\/wp\/v2\/users\/2"}],"replies":[{"embeddable":true,"href":"https:\/\/www.europesays.com\/pt\/wp-json\/wp\/v2\/comments?post=106662"}],"version-history":[{"count":0,"href":"https:\/\/www.europesays.com\/pt\/wp-json\/wp\/v2\/posts\/106662\/revisions"}],"wp:featuredmedia":[{"embeddable":true,"href":"https:\/\/www.europesays.com\/pt\/wp-json\/wp\/v2\/media\/106663"}],"wp:attachment":[{"href":"https:\/\/www.europesays.com\/pt\/wp-json\/wp\/v2\/media?parent=106662"}],"wp:term":[{"taxonomy":"category","embeddable":true,"href":"https:\/\/www.europesays.com\/pt\/wp-json\/wp\/v2\/categories?post=106662"},{"taxonomy":"post_tag","embeddable":true,"href":"https:\/\/www.europesays.com\/pt\/wp-json\/wp\/v2\/tags?post=106662"}],"curies":[{"name":"wp","href":"https:\/\/api.w.org\/{rel}","templated":true}]}}