{"id":106666,"date":"2025-10-11T18:29:10","date_gmt":"2025-10-11T18:29:10","guid":{"rendered":"https:\/\/www.europesays.com\/pt\/106666\/"},"modified":"2025-10-11T18:29:10","modified_gmt":"2025-10-11T18:29:10","slug":"benfica-sanjoanense-hoquei-feminino-supertaca","status":"publish","type":"post","link":"https:\/\/www.europesays.com\/pt\/106666\/","title":{"rendered":"Benfica Sanjoanense H\u00f3quei Feminino Superta\u00e7a"},"content":{"rendered":"<p>&#13;<br \/>\n&#13;<br \/>\n                        H\u00f3quei em Patins Feminino&#13;\n                    <\/p>\n<p class=\"news-title\">A festa da 11.\u00aa Superta\u00e7a em imagens<\/p>\n<p>&#13;<br \/>\n                        A hegemonia da equipa feminina de h\u00f3quei em patins do Benfica no panorama nacional continua a ganhar for\u00e7a! Depois de vencerem a Ta\u00e7a Professor Jo\u00e3o Campelo e a Elite Cup, as hendecacampe\u00e3s nacionais superiorizaram-se \u00e0 APAC Tojal, por 6-1, na tarde deste domingo, 20 de outubro, e conquistaram a 11.\u00aa Superta\u00e7a do seu palmar\u00e9s. S\u00e3o 11 trof\u00e9us arrecadados de forma consecutiva!\u00a0Veja as melhores imagens da festa vermelha e branca no Pavilh\u00e3o Multiusos de Odivelas&#8230;&#13;\n                    <\/p>\n","protected":false},"excerpt":{"rendered":"&#13; &#13; H\u00f3quei em Patins Feminino&#13; A festa da 11.\u00aa Superta\u00e7a em imagens &#13; A hegemonia da equipa&hellip;\n","protected":false},"author":2,"featured_media":106667,"comment_status":"","ping_status":"","sticky":false,"template":"","format":"standard","meta":{"footnotes":""},"categories":[87],"tags":[135,32,33,134],"class_list":{"0":"post-106666","1":"post","2":"type-post","3":"status-publish","4":"format-standard","5":"has-post-thumbnail","7":"category-desporto","8":"tag-desporto","9":"tag-portugal","10":"tag-pt","11":"tag-sports"},"share_on_mastodon":{"url":"","error":""},"_links":{"self":[{"href":"https:\/\/www.europesays.com\/pt\/wp-json\/wp\/v2\/posts\/106666","targetHints":{"allow":["GET"]}}],"collection":[{"href":"https:\/\/www.europesays.com\/pt\/wp-json\/wp\/v2\/posts"}],"about":[{"href":"https:\/\/www.europesays.com\/pt\/wp-json\/wp\/v2\/types\/post"}],"author":[{"embeddable":true,"href":"https:\/\/www.europesays.com\/pt\/wp-json\/wp\/v2\/users\/2"}],"replies":[{"embeddable":true,"href":"https:\/\/www.europesays.com\/pt\/wp-json\/wp\/v2\/comments?post=106666"}],"version-history":[{"count":0,"href":"https:\/\/www.europesays.com\/pt\/wp-json\/wp\/v2\/posts\/106666\/revisions"}],"wp:featuredmedia":[{"embeddable":true,"href":"https:\/\/www.europesays.com\/pt\/wp-json\/wp\/v2\/media\/106667"}],"wp:attachment":[{"href":"https:\/\/www.europesays.com\/pt\/wp-json\/wp\/v2\/media?parent=106666"}],"wp:term":[{"taxonomy":"category","embeddable":true,"href":"https:\/\/www.europesays.com\/pt\/wp-json\/wp\/v2\/categories?post=106666"},{"taxonomy":"post_tag","embeddable":true,"href":"https:\/\/www.europesays.com\/pt\/wp-json\/wp\/v2\/tags?post=106666"}],"curies":[{"name":"wp","href":"https:\/\/api.w.org\/{rel}","templated":true}]}}