{"id":106670,"date":"2025-10-11T18:31:07","date_gmt":"2025-10-11T18:31:07","guid":{"rendered":"https:\/\/www.europesays.com\/pt\/106670\/"},"modified":"2025-10-11T18:31:07","modified_gmt":"2025-10-11T18:31:07","slug":"orquestra-da-opera-la-fenice-organiza-greve-em-protesto-contra-nova-directora-musical-musica","status":"publish","type":"post","link":"https:\/\/www.europesays.com\/pt\/106670\/","title":{"rendered":"Orquestra da \u00f3pera La Fenice organiza greve em protesto contra nova directora musical | M\u00fasica"},"content":{"rendered":"<p>A orquestra da La Fenice, uma das mais emblem\u00e1ticas casas de \u00f3pera italianas, atravessa uma crise interna. H\u00e1 j\u00e1 v\u00e1rios meses que os m\u00fasicos pedem que seja revogada a nomea\u00e7\u00e3o, para o posto de directora musical, de Beatrice Venezi, alegando que esta apoiante da primeira-ministra nacionalista <a href=\"https:\/\/www.publico.pt\/2022\/07\/28\/mundo\/noticia\/giorgia-meloni-mulher-mae-italiana-crista-caminho-governar-italia-2015452\" target=\"_self\" rel=\"nofollow noopener\">Giorgia Meloni<\/a> n\u00e3o tem curr\u00edculo para ocupar o cargo. Agora, a orquestra prepara-se para avan\u00e7ar com uma greve: ser\u00e1 na pr\u00f3xima sexta-feira, dia 17, data da primeira r\u00e9cita de Wozzeck, \u00f3pera centen\u00e1ria do austr\u00edaco Alban Berg que encerrar\u00e1 a temporada 2024\/2025 da institui\u00e7\u00e3o veneziana.<\/p>\n<p>Na semana passada, a orquestra manifestou o seu desagrado perante a nomea\u00e7\u00e3o de Beatrice Venezi, e com a forma pouco transparente como ter\u00e1 decorrido o processo de selec\u00e7\u00e3o, numa carta aberta enviada ao director-geral da La Fenice, Nicola Colabianchi, e publicada pela imprensa italiana. Colabianchi sairia, na quinta-feira, em defesa da maestrina e pianista de 35 anos, sugerindo que a contesta\u00e7\u00e3o estar\u00e1 a ser alimentada por \u201cfactores extramusicais\u201d. \u201cAs suas ideias pol\u00edticas, o facto de ser mulher\u2026 Creio que h\u00e1 aqui um certo sexismo\u201d, disse, citado, por exemplo, pelo jornal espanhol <a href=\"https:\/\/elpais.com\/cultura\/2025-10-11\/la-orquesta-de-la-fenice-de-venecia-se-rebela-contra-la-nueva-directora-por-considerar-que-no-esta-a-la-altura-del-puesto.html\" target=\"_blank\" rel=\"nofollow noopener\">El Pa\u00eds<\/a>.<\/p>\n<p>Os delegados sindicais da casa de \u00f3pera, como escreveram num comunicado <a href=\"https:\/\/www.repubblica.it\/spettacoli\/teatro-danza\/2025\/10\/09\/news\/beatrice_venezi_sindacati_la_fenice_sessismo-424902099\/\" target=\"_blank\" rel=\"nofollow noopener\">citado pelo di\u00e1rio italiano <\/a><a href=\"https:\/\/www.repubblica.it\/spettacoli\/teatro-danza\/2025\/10\/09\/news\/beatrice_venezi_sindacati_la_fenice_sessismo-424902099\/\" target=\"_blank\" rel=\"nofollow noopener\">La Repubblica<\/a>, \u201crejeitam veementemente as acusa\u00e7\u00f5es infundadas e ofensivas de sexismo\u201d. \u201cDurante a reuni\u00e3o de mais de quatro horas realizada na passada quarta-feira, na presen\u00e7a do presidente da C\u00e2mara de Veneza, n\u00e3o foi feita qualquer refer\u00eancia, directa ou indirecta, ao g\u00e9nero ou \u00e0s posi\u00e7\u00f5es pol\u00edticas da rec\u00e9m-nomeada directora musical. A discuss\u00e3o teve inteiramente que ver com o seu curr\u00edculo art\u00edstico\u201d, assinalam, acrescentando que \u201cas acusa\u00e7\u00f5es de sexismo representam uma tentativa inaceit\u00e1vel de retirar legitimidade \u00e0 dissid\u00eancia interna\u201d.<\/p>\n<p>Uma \u201cpeti\u00e7\u00e3o que pede a demiss\u00e3o de Colabianchi reuniu mais de 500 assinaturas em poucas horas\u201d, <a href=\"https:\/\/www.repubblica.it\/spettacoli\/teatro-danza\/2025\/10\/11\/news\/beatrice_venezi_la_fenice_lavoratori_sciopero_a_rischio_stagione_concerti-424905206\/\" target=\"_blank\" rel=\"nofollow noopener\">escrevia esta manh\u00e3<\/a> o La Repubblica. Um abaixo-assinado paralelo com vista ao afastamento de Venezi contava j\u00e1, por sua vez, com \u201cmais de 15 mil assinaturas\u201d.<\/p>\n<p>\u200b\u201cCaso a nomea\u00e7\u00e3o de Venezi n\u00e3o seja revogada por Colabianchi, a luta dos mais de 300 trabalhadores da casa da \u00f3pera, incluindo os 175 membros da orquestra e do coro, intensificar-se-\u00e1. Os m\u00fasicos dizem-se prontos para boicotar todas as cinco r\u00e9citas de Wozzeck (&#8230;) e at\u00e9 o concerto de Ano Novo\u201d, refere o jornal italiano no mesmo texto, acrescentando ainda que os m\u00fasicos pretendem assinalar o dia da greve com uma assembleia p\u00fablica no centro hist\u00f3rico de Veneza e, ainda, com um concerto gratuito.<\/p>\n<p>\u201cOs pedidos de autoriza\u00e7\u00e3o foram j\u00e1 feitos \u00e0 C\u00e2mara Municipal\u201d, relata o di\u00e1rio, recordando que \u201cos m\u00fasicos tamb\u00e9m necessitam de luz verde da direc\u00e7\u00e3o para tocar ao ar livre\u201d \u2014 n\u00e3o ser\u00e1, portanto, cr\u00edvel que a actua\u00e7\u00e3o avance.<\/p>\n<p>\u201cQuase todos a consideram incompetente\u201d<\/p>\n<p>Diz a direc\u00e7\u00e3o-geral da La Fenice que Beatrice Venezi tem um curr\u00edculo \u201c\u00f3ptimo\u201d. A institui\u00e7\u00e3o, afirmou Nicola Colabianchi no decurso desta semana, buscava uma pessoa \u201cjovem e mulher\u201d para mudar o perfil da direc\u00e7\u00e3o musical. Venezi, uma influencer com mais de 80 mil seguidores no Instagram, \u201ctem uma forte capacidade comunicativa\u201d, acrescentou. \u201cFaz falta inova\u00e7\u00e3o, fazem falta rostos novos, faz falta algu\u00e9m que saiba contar a \u00f3pera aos jovens\u201d, concluiu, citado pelo El Pa\u00eds, que lembra que esta \u00e9 a primeira vez que o teatro de \u00f3pera veneziano \u00e9 dirigido por uma mulher.<\/p>\n<p>\u200bO jornal espanhol recorda tamb\u00e9m outras circunst\u00e2ncias em que foram postas em causa as compet\u00eancias profissionais de Venezi, filha de um antigo militante do partido neofascista Forza Nuova. A t\u00edtulo de exemplo, a actual directora musical da La Fenice n\u00e3o granjeou, no in\u00edcio do ano passado, a simpatia ou o respeito da orquestra sinf\u00f3nica do Teatro Politeama Garibaldi, em Palermo. \u201cAp\u00f3s os ensaios, concord\u00e1mos n\u00e3o olhar para ela e coordenarmo-nos entre n\u00f3s. Os seus gestos n\u00e3o eram condizentes com a performance musical\u201d, afirmaria ao La Repubblica o veterano flautista Claudio Sardisco.<\/p>\n<p>\u201c\u00c9 intoler\u00e1vel Venezi continuar a fazer-se passar por algu\u00e9m com qualidades que claramente n\u00e3o tem. (&#8230;) Quase todos a consideram incompetente no mundo da m\u00fasica, mas ningu\u00e9m quer diz\u00ea-lo publicamente, por medo de repercuss\u00f5es\u201d, criticaria, por seu turno, o compositor Franco Piersanti, que em 2022 contestou a escolha de Venezi para reger o concerto de natal da Orquestra Haydn de Bolzano e Trento\u200b.<\/p>\n<p>Venezi, aponta o El Pa\u00eds, \u00e9 conselheira do Minist\u00e9rio da Cultura italiano desde 2022. A controv\u00e9rsia que presentemente protagoniza insere-se num \u201ccontexto mais vasto de acusa\u00e7\u00f5es contra o <a href=\"https:\/\/www.publico.pt\/2022\/10\/28\/mundo\/noticia\/meloni-expressao-nostalgia-fascista-recusa-corte-radical-passado-2025671\" target=\"_self\" rel=\"nofollow noopener\">Governo italiano de direita<\/a> por tentar colonizar as institui\u00e7\u00f5es culturais\u201d, nomeando respons\u00e1veis \u201cmais pela sua ideologia do que pelos seus m\u00e9ritos\u201d, enquadra o di\u00e1rio espanhol.<\/p>\n<p>\u201cO seu curr\u00edculo n\u00e3o tem a m\u00ednima compara\u00e7\u00e3o com os dos grandes maestros que j\u00e1 assumiram a direc\u00e7\u00e3o musical deste teatro no passado\u201d, escreviam, na semana passada, os m\u00fasicos da orquestra, sublinhando ainda que Venezi foi nomeada sem nunca antes ter assumido a reg\u00eancia de uma \u00f3pera ou de um concerto na La Fenice.<\/p>\n<p>\u201cPedimos apenas uma direc\u00e7\u00e3o musical que n\u00e3o seja imposta por quest\u00f5es pol\u00edticas, e que esteja ao n\u00edvel da La Fenice\u201d, afirma o violoncelista Marco Trentin, citado este s\u00e1bado pelo La Repubblica. \u201cEsperamos que todos compreendam a dimens\u00e3o global daquilo que est\u00e1 em jogo em Veneza.\u201d<\/p>\n","protected":false},"excerpt":{"rendered":"A orquestra da La Fenice, uma das mais emblem\u00e1ticas casas de \u00f3pera italianas, atravessa uma crise interna. H\u00e1&hellip;\n","protected":false},"author":2,"featured_media":106671,"comment_status":"","ping_status":"","sticky":false,"template":"","format":"standard","meta":{"footnotes":""},"categories":[85],"tags":[315,1413,114,115,11956,233,150,25536,6521,32,33],"class_list":{"0":"post-106670","1":"post","2":"type-post","3":"status-publish","4":"format-standard","5":"has-post-thumbnail","7":"category-entretenimento","8":"tag-cultura","9":"tag-cultura-ipsilon","10":"tag-entertainment","11":"tag-entretenimento","12":"tag-giorgia-meloni","13":"tag-italia","14":"tag-musica","15":"tag-opera","16":"tag-politica-cultural","17":"tag-portugal","18":"tag-pt"},"share_on_mastodon":{"url":"","error":""},"_links":{"self":[{"href":"https:\/\/www.europesays.com\/pt\/wp-json\/wp\/v2\/posts\/106670","targetHints":{"allow":["GET"]}}],"collection":[{"href":"https:\/\/www.europesays.com\/pt\/wp-json\/wp\/v2\/posts"}],"about":[{"href":"https:\/\/www.europesays.com\/pt\/wp-json\/wp\/v2\/types\/post"}],"author":[{"embeddable":true,"href":"https:\/\/www.europesays.com\/pt\/wp-json\/wp\/v2\/users\/2"}],"replies":[{"embeddable":true,"href":"https:\/\/www.europesays.com\/pt\/wp-json\/wp\/v2\/comments?post=106670"}],"version-history":[{"count":0,"href":"https:\/\/www.europesays.com\/pt\/wp-json\/wp\/v2\/posts\/106670\/revisions"}],"wp:featuredmedia":[{"embeddable":true,"href":"https:\/\/www.europesays.com\/pt\/wp-json\/wp\/v2\/media\/106671"}],"wp:attachment":[{"href":"https:\/\/www.europesays.com\/pt\/wp-json\/wp\/v2\/media?parent=106670"}],"wp:term":[{"taxonomy":"category","embeddable":true,"href":"https:\/\/www.europesays.com\/pt\/wp-json\/wp\/v2\/categories?post=106670"},{"taxonomy":"post_tag","embeddable":true,"href":"https:\/\/www.europesays.com\/pt\/wp-json\/wp\/v2\/tags?post=106670"}],"curies":[{"name":"wp","href":"https:\/\/api.w.org\/{rel}","templated":true}]}}