{"id":106678,"date":"2025-10-11T18:42:14","date_gmt":"2025-10-11T18:42:14","guid":{"rendered":"https:\/\/www.europesays.com\/pt\/106678\/"},"modified":"2025-10-11T18:42:14","modified_gmt":"2025-10-11T18:42:14","slug":"a-nova-serie-do-criador-de-peaky-blinders-ja-esta-disponivel-no-streaming","status":"publish","type":"post","link":"https:\/\/www.europesays.com\/pt\/106678\/","title":{"rendered":"A nova s\u00e9rie do criador de Peaky Blinders j\u00e1 est\u00e1 dispon\u00edvel no streaming"},"content":{"rendered":"<p>N\u00e3o \u00e9 comum encontrar uma s\u00e9rie que misture, com intensidade, o drama familiar e a hist\u00f3ria de maneira t\u00e3o envolvente quanto \u201cA casa Guinness\u201d. Essa <a href=\"https:\/\/www.tupi.fm\/entretenimento\/netflix-investe-mais-que-dois-filmes-do-mcu-para-o-final-de-stranger-things\" target=\"_blank\" rel=\"noreferrer noopener nofollow\">produ\u00e7\u00e3o exclusiva<\/a> da <strong><a href=\"https:\/\/www.instagram.com\/netflixbrasil\/\" target=\"_blank\" rel=\"noreferrer noopener nofollow\">Netflix<\/a> <\/strong>mergulha profundamente na vida da prestigiosa fam\u00edlia Guinness, durante um per\u00edodo crucial na Irlanda do s\u00e9culo XIX. No centro da narrativa est\u00e1 a Dublin da d\u00e9cada de 1860, marcada por transforma\u00e7\u00f5es e desafios logo ap\u00f3s o falecimento de Sir Benjamin Guinness.<\/p>\n<p>Com a morte de Benjamin, seus herdeiros \u2014 Arthur, Edward, Anne e Ben \u2014 encaram a dif\u00edcil tarefa de administrar um dos imp\u00e9rios cervejeiros mais tradicionais do mundo. Al\u00e9m disso, precisam navegar por intrigas pol\u00edticas, rivalidades internas e dramas pessoais, compondo uma trama que, mesmo sem se ater estritamente aos fatos hist\u00f3ricos, oferece uma perspectiva fascinante sobre a evolu\u00e7\u00e3o dessa influente fam\u00edlia.<\/p>\n<p>Como \u201cA Casa Guinness\u201d impacta na representa\u00e7\u00e3o hist\u00f3rica?<\/p>\n<p>O enfoque adotado por \u201cA Casa Guinness\u201d em rela\u00e7\u00e3o \u00e0 hist\u00f3ria chama a aten\u00e7\u00e3o justamente pela liberdade criativa. Assim como em obras de Ridley Scott, a s\u00e9rie combina fatos reais e fic\u00e7\u00e3o de forma envolvente, convidando o espectador a revisitar esse per\u00edodo sob uma \u00f3tica inovadora.<\/p>\n<p>Os conflitos internos da fam\u00edlia s\u00e3o ampliados pelo contexto de instabilidade pol\u00edtica na Irlanda. A tens\u00e3o gerada entre tradi\u00e7\u00e3o e transforma\u00e7\u00e3o hist\u00f3rica se transforma em elemento central da experi\u00eancia, intensificando o drama e aprofundando as rela\u00e7\u00f5es entre os personagens.<\/p>\n<p>Personagens centrais em uma narrativa complexa<\/p>\n<p>Arthur e Edward emergem como os focos da trama, distintos em personalidade, mas unidos pelo legado deixado pelo pai. A tens\u00e3o entre os irm\u00e3os se destaca, servindo como base para explorar quest\u00f5es de poder e destino, tanto para a cervejaria quanto para o pa\u00eds.<\/p>\n<p>Essa uni\u00e3o for\u00e7ada desencadeia embates emocionais e estrat\u00e9gicos, influenciando as decis\u00f5es do neg\u00f3cio e revelando os desejos pessoais dos herdeiros. A din\u00e2mica entre esses personagens se aprofunda ainda mais ao longo dos epis\u00f3dios.<\/p>\n<p>Quais temas se entrela\u00e7am na narrativa da s\u00e9rie?<\/p>\n<p>Al\u00e9m das disputas internas, a s\u00e9rie amplia o debate para quest\u00f5es mais universais, incluindo o impacto das decis\u00f5es empresariais na sociedade, a religi\u00e3o e os conflitos econ\u00f4micos daquele tempo. Esses temas se unem de forma org\u00e2nica ao drama pessoal.<\/p>\n<ul class=\"wp-block-list\">\n<li>Impactos sociais das escolhas dos Guinness<\/li>\n<li>Tens\u00f5es religiosas e pol\u00edticas t\u00edpicas da Irlanda oitocentista<\/li>\n<li>Desafios econ\u00f4micos e rivalidades familiares<\/li>\n<\/ul>\n<p>A intera\u00e7\u00e3o entre pol\u00edtica e estrat\u00e9gias empresariais enriquece o roteiro, atraindo tanto f\u00e3s de hist\u00f3ria quanto de hist\u00f3rias familiares complexas.<\/p>\n<p>Com oito epis\u00f3dios j\u00e1 dispon\u00edveis, \u201cA casa Guinness\u201d se destaca no g\u00eanero de drama hist\u00f3rico. Sob a dire\u00e7\u00e3o de Steven Knight, conhecido por \u201cPeaky Blinders\u201d, a s\u00e9rie oferece um mergulho envolvente na ambi\u00e7\u00e3o, poder e tradi\u00e7\u00f5es, explorando um dos per\u00edodos mais agitados da hist\u00f3ria irlandesa.<\/p>\n<p>\t\t\t\t\t\t\t\t\t\t\t\t\t<script async src=\"\/\/www.instagram.com\/embed.js\"><\/script><\/p>\n","protected":false},"excerpt":{"rendered":"N\u00e3o \u00e9 comum encontrar uma s\u00e9rie que misture, com intensidade, o drama familiar e a hist\u00f3ria de maneira&hellip;\n","protected":false},"author":2,"featured_media":106679,"comment_status":"","ping_status":"","sticky":false,"template":"","format":"standard","meta":{"footnotes":""},"categories":[142],"tags":[25541,25539,25542,114,115,5963,5962,11649,25540,32,33,25538,7375,940,151,24293],"class_list":{"0":"post-106678","1":"post","2":"type-post","3":"status-publish","4":"format-standard","5":"has-post-thumbnail","7":"category-tv","8":"tag-blinders","9":"tag-criador","10":"tag-dispon","11":"tag-entertainment","12":"tag-entretenimento","13":"tag-est","14":"tag-j","15":"tag-nova","16":"tag-peaky","17":"tag-portugal","18":"tag-pt","19":"tag-rie","20":"tag-s","21":"tag-streaming","22":"tag-tv","23":"tag-vel"},"share_on_mastodon":{"url":"","error":""},"_links":{"self":[{"href":"https:\/\/www.europesays.com\/pt\/wp-json\/wp\/v2\/posts\/106678","targetHints":{"allow":["GET"]}}],"collection":[{"href":"https:\/\/www.europesays.com\/pt\/wp-json\/wp\/v2\/posts"}],"about":[{"href":"https:\/\/www.europesays.com\/pt\/wp-json\/wp\/v2\/types\/post"}],"author":[{"embeddable":true,"href":"https:\/\/www.europesays.com\/pt\/wp-json\/wp\/v2\/users\/2"}],"replies":[{"embeddable":true,"href":"https:\/\/www.europesays.com\/pt\/wp-json\/wp\/v2\/comments?post=106678"}],"version-history":[{"count":0,"href":"https:\/\/www.europesays.com\/pt\/wp-json\/wp\/v2\/posts\/106678\/revisions"}],"wp:featuredmedia":[{"embeddable":true,"href":"https:\/\/www.europesays.com\/pt\/wp-json\/wp\/v2\/media\/106679"}],"wp:attachment":[{"href":"https:\/\/www.europesays.com\/pt\/wp-json\/wp\/v2\/media?parent=106678"}],"wp:term":[{"taxonomy":"category","embeddable":true,"href":"https:\/\/www.europesays.com\/pt\/wp-json\/wp\/v2\/categories?post=106678"},{"taxonomy":"post_tag","embeddable":true,"href":"https:\/\/www.europesays.com\/pt\/wp-json\/wp\/v2\/tags?post=106678"}],"curies":[{"name":"wp","href":"https:\/\/api.w.org\/{rel}","templated":true}]}}