{"id":106682,"date":"2025-10-11T18:45:10","date_gmt":"2025-10-11T18:45:10","guid":{"rendered":"https:\/\/www.europesays.com\/pt\/106682\/"},"modified":"2025-10-11T18:45:10","modified_gmt":"2025-10-11T18:45:10","slug":"terminou-a-melhor-epoca-de-pogacar-em-nova-ponte-do-presente-com-o-passado-tornou-se-tao-campeonissimo-como-fausto-coppi-na-lombardia","status":"publish","type":"post","link":"https:\/\/www.europesays.com\/pt\/106682\/","title":{"rendered":"Terminou \u201ca melhor \u00e9poca\u201d de Poga\u010dar. Em nova ponte do presente com o passado, tornou-se t\u00e3o campeon\u00edssimo como Fausto Coppi na Lombardia"},"content":{"rendered":"<p>Os monumentos s\u00e3o pr\u00e1ticas instaladas no ciclismo, o z\u00e9nite da tradi\u00e7\u00e3o. Durante grande parte da Volta \u00e0 Lombardia, as c\u00e2maras focaram-se em Quinn Simmons, o corredor avesso ao politicamente correto e \u00e0s t\u00e1ticas, um showman \u00e0 americana que carregou na frente as argolas douradas a ulularem nas orelhas, a barba fulva e o cabelo atarraxado na parte de tr\u00e1s do capacete.<\/p>\n<p>Nada disto parece muito cl\u00e1ssico. Tamb\u00e9m n\u00e3o o foi a maneira como o corredor da Lidl-Trek quis com tanta insist\u00eancia despojar-se de companhia logo a 100 quil\u00f3metros da meta. Mesmo sendo apanhado, descolou-se dos restantes fugitivos com nova sacudidela.<\/p>\n<p>Tadej Poga\u010dar \u00e9 um unificador de \u00e9pocas que faz no presente o que s\u00f3 num passado muito distante tinha sido feito ou, na melhor das hip\u00f3teses, consegue aquilo que nunca um ser vivo alcan\u00e7ou. Nesta flutua\u00e7\u00e3o entre eras, o esloveno ganhou a Volta \u00e0 Lombardia em nova mostra de que \u00e9 o melhor do seu tempo e um dos melhores de sempre.<\/p>\n<p>O monumento que percorre o norte de It\u00e1lia corre-se desde 1905 e nunca ningu\u00e9m foi capaz de ganhar cinco edi\u00e7\u00f5es consecutivas. Poga\u010dar chegou a essa marca e igualou Fausto Coppi, Il Campionissimo, em n\u00famero de conquistas na classica delle foglie morte. No palmar\u00e9s, coleciona j\u00e1 dez monumentos seguindo pelo inexor\u00e1vel caminho que levar\u00e1 algu\u00e9m a ter que fazer um para ele.<\/p>\n<p>Rafa\u0142 Majka, o greg\u00e1rio de luxo que realizou a \u00faltima corrida da carreira, teve uma derradeira oportunidade de hastear Poga\u010dar antes deste come\u00e7ar a voar. Mais tarde do que o costume, a 36,6 quil\u00f3metros, o camisola arco-\u00edris atacou e, 2,3 quil\u00f3metros depois, j\u00e1 se tinha colado a Quinn Simmons. A parelha durou instantes.<\/p>\n<p>Isolado, o l\u00edder da UAE Emirates n\u00e3o viu os perseguidores conseguirem alcan\u00e7\u00e1-lo antes de concluir os 241 quil\u00f3metros entre Como e B\u00e9rgamo. Remco Evenepoel (+1:48), o consagrado segundo classificado, ocupou a posi\u00e7\u00e3o que habitualmente Poga\u010dar lhe deixa quando competem em simult\u00e2neo. Michael Storer (+3:14) fechou o p\u00f3dio.<\/p>\n<p>Tadej Poga\u010dar passou 50 dias de 2025 a pedalar em cima de uma bicicleta. Ganhou a Strade Bianche, a Volta \u00e0 Flandres, a Li\u00e8ge-Bastogne-Li\u00e8ge, o Tour, os Mundiais, os Europeus e a Volta \u00e0 Lombardia. Nos monumentos em que n\u00e3o venceu, terminou no p\u00f3dio. Qualquer uma destas conquistas servia para um ciclista comum se sentir realizado com a sua carreira. Poga\u010dar fez isto numa \u00e9poca que, avaliou o pr\u00f3prio, &#8220;foi a melhor at\u00e9 agora&#8221;.<\/p>\n","protected":false},"excerpt":{"rendered":"Os monumentos s\u00e3o pr\u00e1ticas instaladas no ciclismo, o z\u00e9nite da tradi\u00e7\u00e3o. Durante grande parte da Volta \u00e0 Lombardia,&hellip;\n","protected":false},"author":2,"featured_media":106683,"comment_status":"","ping_status":"","sticky":false,"template":"","format":"standard","meta":{"footnotes":""},"categories":[87],"tags":[135,32,33,134],"class_list":{"0":"post-106682","1":"post","2":"type-post","3":"status-publish","4":"format-standard","5":"has-post-thumbnail","7":"category-desporto","8":"tag-desporto","9":"tag-portugal","10":"tag-pt","11":"tag-sports"},"share_on_mastodon":{"url":"","error":""},"_links":{"self":[{"href":"https:\/\/www.europesays.com\/pt\/wp-json\/wp\/v2\/posts\/106682","targetHints":{"allow":["GET"]}}],"collection":[{"href":"https:\/\/www.europesays.com\/pt\/wp-json\/wp\/v2\/posts"}],"about":[{"href":"https:\/\/www.europesays.com\/pt\/wp-json\/wp\/v2\/types\/post"}],"author":[{"embeddable":true,"href":"https:\/\/www.europesays.com\/pt\/wp-json\/wp\/v2\/users\/2"}],"replies":[{"embeddable":true,"href":"https:\/\/www.europesays.com\/pt\/wp-json\/wp\/v2\/comments?post=106682"}],"version-history":[{"count":0,"href":"https:\/\/www.europesays.com\/pt\/wp-json\/wp\/v2\/posts\/106682\/revisions"}],"wp:featuredmedia":[{"embeddable":true,"href":"https:\/\/www.europesays.com\/pt\/wp-json\/wp\/v2\/media\/106683"}],"wp:attachment":[{"href":"https:\/\/www.europesays.com\/pt\/wp-json\/wp\/v2\/media?parent=106682"}],"wp:term":[{"taxonomy":"category","embeddable":true,"href":"https:\/\/www.europesays.com\/pt\/wp-json\/wp\/v2\/categories?post=106682"},{"taxonomy":"post_tag","embeddable":true,"href":"https:\/\/www.europesays.com\/pt\/wp-json\/wp\/v2\/tags?post=106682"}],"curies":[{"name":"wp","href":"https:\/\/api.w.org\/{rel}","templated":true}]}}