{"id":106684,"date":"2025-10-11T18:46:09","date_gmt":"2025-10-11T18:46:09","guid":{"rendered":"https:\/\/www.europesays.com\/pt\/106684\/"},"modified":"2025-10-11T18:46:09","modified_gmt":"2025-10-11T18:46:09","slug":"ufmg-universidade-federal-de-minas-gerais-6","status":"publish","type":"post","link":"https:\/\/www.europesays.com\/pt\/106684\/","title":{"rendered":"UFMG &#8211; Universidade Federal de Minas Gerais"},"content":{"rendered":"<p>\n                            <a href=\"https:\/\/ufmg.br\/comunicacao\/eventos\/todos-os-eventos?categoria=5\" class=\"button  button--blue  button--12\" rel=\"nofollow noopener\" target=\"_blank\">Evento acad\u00eamico<\/a>\n                        <\/p>\n<p>\n                                <a href=\"https:\/\/ufmg.br\/thumbor\/3NHf6FC200Y6tb9CzSctrW1eLGo=\/0x0:1080x1080\/1080x1080\/https:\/\/ufmg.br\/storage\/1\/b\/9\/6\/1b9642ecb41a06981bdea721369ea6f4_17599457622475_1974913008.jpeg\" target=\"_blank\" class=\"link\" rel=\"nofollow noopener\">Ver cartaz do evento &gt;<\/a>\n                            <\/p>\n<p>No dia 18 de outubro, s\u00e1bado, o grupo de estudos em Cirurgia e Oncologia Veterin\u00e1ria (Gecon) da Escola De Veterin\u00e1ria da UFMG vai\u00a0oferecer, gratuitamente, exames e orienta\u00e7\u00f5es aos tutores de animais dom\u00e9sticos. Parte do projeto de extens\u00e3o Outubro rosa pet, orientado pelos professores Rodrigo Horta e Giovanni Cassali, o grupo estar\u00e1 presente das 9h \u00e0s 13h no evento realizado na pr\u00f3pria Escola.<\/p>\n<p>Al\u00e9m de proporcionar\u00a0exames f\u00edsicos gratuitos\u00a0para os animais, a iniciativa vai\u00a0orientar a popula\u00e7\u00e3o quanto \u00e0 import\u00e2ncia do diagn\u00f3stico precoce e dos cuidados relacionados \u00e0 preven\u00e7\u00e3o e ao tratamento do c\u00e2ncer de mama. \u201cNosso objetivo \u00e9 ampliar o alcance dessa mensagem de sa\u00fade, tanto para tutores quanto para a comunidade em geral, fortalecendo a integra\u00e7\u00e3o entre a universidade e a sociedade\u201d, destaca-se no texto de divulga\u00e7\u00e3o.<\/p>\n","protected":false},"excerpt":{"rendered":"Evento acad\u00eamico Ver cartaz do evento &gt; No dia 18 de outubro, s\u00e1bado, o grupo de estudos em&hellip;\n","protected":false},"author":2,"featured_media":106685,"comment_status":"","ping_status":"","sticky":false,"template":"","format":"standard","meta":{"footnotes":""},"categories":[86],"tags":[1353,6838,6840,6846,877,6842,5960,109,315,6850,6849,6848,6851,535,6843,25543,6837,6844,6845,6835,116,170,6839,1499,6847,23543,1348,32,6836,33,117,22814,6852,1522,6833,6834,6841,3058],"class_list":{"0":"post-106684","1":"post","2":"type-post","3":"status-publish","4":"format-standard","5":"has-post-thumbnail","7":"category-saude","8":"tag-animais","9":"tag-area-verde","10":"tag-assistencia-estudantil","11":"tag-belo-horizonte","12":"tag-biblioteca","13":"tag-bolsa-e-moradia-estudantis","14":"tag-cancer-de-mama","15":"tag-ciencia","16":"tag-cultura","17":"tag-curso-a-distancia","18":"tag-curso-superior","19":"tag-cursos-gratuitos","20":"tag-divulgacao-cientifica","21":"tag-ensino","22":"tag-ensino-de-qualidade","23":"tag-escola-de-veterinaria","24":"tag-extensao","25":"tag-faculdade-mineira","26":"tag-federal-de-minas","27":"tag-graduacao","28":"tag-health","29":"tag-livros","30":"tag-melhor-universidade-do-brasil","31":"tag-minas-gerais","32":"tag-montes-claros","33":"tag-outubro-rosa","34":"tag-pesquisa","35":"tag-portugal","36":"tag-pos-graduacao","37":"tag-pt","38":"tag-saude","39":"tag-saude-animal","40":"tag-sisu","41":"tag-tiradentes","42":"tag-ufmg","43":"tag-universidade-federal-de-minas-gerais","44":"tag-universidade-gratuita","45":"tag-vestibular"},"share_on_mastodon":{"url":"","error":""},"_links":{"self":[{"href":"https:\/\/www.europesays.com\/pt\/wp-json\/wp\/v2\/posts\/106684","targetHints":{"allow":["GET"]}}],"collection":[{"href":"https:\/\/www.europesays.com\/pt\/wp-json\/wp\/v2\/posts"}],"about":[{"href":"https:\/\/www.europesays.com\/pt\/wp-json\/wp\/v2\/types\/post"}],"author":[{"embeddable":true,"href":"https:\/\/www.europesays.com\/pt\/wp-json\/wp\/v2\/users\/2"}],"replies":[{"embeddable":true,"href":"https:\/\/www.europesays.com\/pt\/wp-json\/wp\/v2\/comments?post=106684"}],"version-history":[{"count":0,"href":"https:\/\/www.europesays.com\/pt\/wp-json\/wp\/v2\/posts\/106684\/revisions"}],"wp:featuredmedia":[{"embeddable":true,"href":"https:\/\/www.europesays.com\/pt\/wp-json\/wp\/v2\/media\/106685"}],"wp:attachment":[{"href":"https:\/\/www.europesays.com\/pt\/wp-json\/wp\/v2\/media?parent=106684"}],"wp:term":[{"taxonomy":"category","embeddable":true,"href":"https:\/\/www.europesays.com\/pt\/wp-json\/wp\/v2\/categories?post=106684"},{"taxonomy":"post_tag","embeddable":true,"href":"https:\/\/www.europesays.com\/pt\/wp-json\/wp\/v2\/tags?post=106684"}],"curies":[{"name":"wp","href":"https:\/\/api.w.org\/{rel}","templated":true}]}}