{"id":106692,"date":"2025-10-11T18:56:23","date_gmt":"2025-10-11T18:56:23","guid":{"rendered":"https:\/\/www.europesays.com\/pt\/106692\/"},"modified":"2025-10-11T18:56:23","modified_gmt":"2025-10-11T18:56:23","slug":"fas-de-vale-tudo-fazem-carnaval-fora-de-epoca-e-debora-bloch-reage-iria-se-estivesse-viva","status":"publish","type":"post","link":"https:\/\/www.europesays.com\/pt\/106692\/","title":{"rendered":"F\u00e3s de Vale Tudo fazem Carnaval fora de \u00e9poca e Debora Bloch reage: &#8220;Iria se estivesse viva&#8221;"},"content":{"rendered":"<p>                            <img width=\"944\" height=\"531\" src=\"https:\/\/www.europesays.com\/pt\/wp-content\/uploads\/2025\/10\/Debora-Bloco__-Fas-de-Vale-Tudo-fazem-Carnaval-fora-de-epoca-em-homenagem-a-Odete-Roitman-944x531.jp.jpeg\" class=\"attachment-custom-large size-custom-large article-featured-image\" alt=\"\" fetchpriority=\"high\" decoding=\"async\"  \/><\/p>\n<p>F\u00e3s se vestiram de personagens da novela Vale Tudo (Foto: TV Globo, Reprodu\u00e7\u00e3o)<\/p>\n<p>F\u00e3s de Vale Tudo <strong><a href=\"https:\/\/www.nsctotal.com.br\/noticias\/nao-foi-a-leila-saiba-quem-matou-odete-roitman-no-remake-internacional-da-novela\" target=\"_blank\" rel=\"noreferrer noopener nofollow\">fizeram um Carnaval fora de \u00e9poca <\/a><\/strong>no Rio de Janeiro na manh\u00e3 deste s\u00e1bado (11) para celebrar o sucesso da reta final da novela. A festa de rua chamada de \u201cDebora Bloco\u201d mobilizou telespectadores que se vestiram em homagem \u00e0 Odete Roitman, personagem interpretada pela atriz Debora Bloch.<\/p>\n<p>Continua depois da publicidade<\/p>\n<p>O bloco se concentrou em frente ao pr\u00e9dio que abriga a sede da TCA, a companhia a\u00e9rea da fam\u00edlia Roitman e epicentro de todas as intrigas, na trama. A idea de fazer o Carnaval fora de \u00e9poca surgiu nas redes sociais e viralizou entre os f\u00e3s da novela.<\/p>\n<p>O \u201cDebora Bloco\u201d tamb\u00e9m chamou a aten\u00e7\u00e3o da pr\u00f3pria Debora Bloch, que deixou um coment\u00e1rio nas redes sociais sobre a mobiliza\u00e7\u00e3o dos f\u00e3s: \u201cEu iria se estivesse viva\u201d, brincou.<\/p>\n<p>Al\u00e9m de Odete Roitman, o f\u00e3s tamb\u00e9m se vestiram de Alde\u00edde, Raquel e de Marco Aur\u00e9lio, outros personagens da dramaturgia.<\/p>\n<p>Veja as fotos do Carnaval fora de \u00e9poca de Vale Tudo 1<\/p>\n<p>VoltarAvan\u00e7ar<\/p>\n<p><img loading=\"lazy\" decoding=\"async\" width=\"1200\" height=\"675\" data-id=\"7684832\" src=\"https:\/\/www.europesays.com\/pt\/wp-content\/uploads\/2025\/10\/Debora-Bloco__-Fas-de-Vale-Tudo-fazem-Carnaval-fora-de-epoca-em-homenagem-a-Odete-Roitman-5.jpg\" alt=\"\" class=\"wp-image-7684832\"  \/><\/p>\n<p>(Foto: Redes sociais, Reprodu\u00e7\u00e3o)<\/p>\n<p><img loading=\"lazy\" decoding=\"async\" width=\"1200\" height=\"675\" data-id=\"7684833\" src=\"https:\/\/www.europesays.com\/pt\/wp-content\/uploads\/2025\/10\/Debora-Bloco__-Fas-de-Vale-Tudo-fazem-Carnaval-fora-de-epoca-em-homenagem-a-Odete-Roitman-2.jpg\" alt=\"\" class=\"wp-image-7684833\"  \/><\/p>\n<p>(Foto: TV Globo, Reprodu\u00e7\u00e3o) <\/p>\n<p><img loading=\"lazy\" decoding=\"async\" width=\"1200\" height=\"675\" data-id=\"7684834\" src=\"https:\/\/www.europesays.com\/pt\/wp-content\/uploads\/2025\/10\/Debora-Bloco__-Fas-de-Vale-Tudo-fazem-Carnaval-fora-de-epoca-em-homenagem-a-Odete-Roitman-3.jpg\" alt=\"\" class=\"wp-image-7684834\"  \/><\/p>\n<p>(Foto: TV Globo, Reprodu\u00e7\u00e3o) <\/p>\n<p><img loading=\"lazy\" decoding=\"async\" width=\"1200\" height=\"675\" data-id=\"7684835\" src=\"https:\/\/www.europesays.com\/pt\/wp-content\/uploads\/2025\/10\/Debora-Bloco__-Fas-de-Vale-Tudo-fazem-Carnaval-fora-de-epoca-em-homenagem-a-Odete-Roitman-4.jpg\" alt=\"\" class=\"wp-image-7684835\"  \/><\/p>\n<p>(Foto: Redes sociais, Reprodu\u00e7\u00e3o)<\/p>\n<p><img loading=\"lazy\" decoding=\"async\" width=\"1200\" height=\"675\" data-id=\"7684836\" src=\"https:\/\/www.europesays.com\/pt\/wp-content\/uploads\/2025\/10\/Debora-Bloco__-Fas-de-Vale-Tudo-fazem-Carnaval-fora-de-epoca-em-homenagem-a-Odete-Roitman.jpg\" alt=\"\" class=\"wp-image-7684836\"  \/><\/p>\n<p>(Foto: TV Globo, Reprodu\u00e7\u00e3o) <\/p>\n<p>Continua depois da publicidade<\/p>\n<p>Leia mais <\/p>\n<p><strong><a href=\"https:\/\/www.nsctotal.com.br\/noticias\/tadinho-debora-bloch-descarta-personagem-da-lista-de-suspeitos-pela-morte-de-odete-roitman\" target=\"_blank\" rel=\"noreferrer noopener nofollow\">\u201cTadinho\u201d: Debora Bloch descarta personagem da lista de suspeitos pela morte de Odete Roitman<\/a><\/strong><\/p>\n<p><strong><a href=\"https:\/\/www.nsctotal.com.br\/noticias\/nao-foi-a-leila-saiba-quem-matou-odete-roitman-no-remake-internacional-da-novela\" target=\"_blank\" rel=\"noreferrer noopener nofollow\">N\u00e3o foi a Leila! Saiba quem matou Odete Roitman no remake internacional da novela<\/a><\/strong><\/p>\n","protected":false},"excerpt":{"rendered":"F\u00e3s se vestiram de personagens da novela Vale Tudo (Foto: TV Globo, Reprodu\u00e7\u00e3o) F\u00e3s de Vale Tudo fizeram&hellip;\n","protected":false},"author":2,"featured_media":106693,"comment_status":"","ping_status":"","sticky":false,"template":"","format":"standard","meta":{"footnotes":""},"categories":[142],"tags":[829,114,115,32,33,151],"class_list":{"0":"post-106692","1":"post","2":"type-post","3":"status-publish","4":"format-standard","5":"has-post-thumbnail","7":"category-tv","8":"tag-conteudo-liberado","9":"tag-entertainment","10":"tag-entretenimento","11":"tag-portugal","12":"tag-pt","13":"tag-tv"},"share_on_mastodon":{"url":"","error":""},"_links":{"self":[{"href":"https:\/\/www.europesays.com\/pt\/wp-json\/wp\/v2\/posts\/106692","targetHints":{"allow":["GET"]}}],"collection":[{"href":"https:\/\/www.europesays.com\/pt\/wp-json\/wp\/v2\/posts"}],"about":[{"href":"https:\/\/www.europesays.com\/pt\/wp-json\/wp\/v2\/types\/post"}],"author":[{"embeddable":true,"href":"https:\/\/www.europesays.com\/pt\/wp-json\/wp\/v2\/users\/2"}],"replies":[{"embeddable":true,"href":"https:\/\/www.europesays.com\/pt\/wp-json\/wp\/v2\/comments?post=106692"}],"version-history":[{"count":0,"href":"https:\/\/www.europesays.com\/pt\/wp-json\/wp\/v2\/posts\/106692\/revisions"}],"wp:featuredmedia":[{"embeddable":true,"href":"https:\/\/www.europesays.com\/pt\/wp-json\/wp\/v2\/media\/106693"}],"wp:attachment":[{"href":"https:\/\/www.europesays.com\/pt\/wp-json\/wp\/v2\/media?parent=106692"}],"wp:term":[{"taxonomy":"category","embeddable":true,"href":"https:\/\/www.europesays.com\/pt\/wp-json\/wp\/v2\/categories?post=106692"},{"taxonomy":"post_tag","embeddable":true,"href":"https:\/\/www.europesays.com\/pt\/wp-json\/wp\/v2\/tags?post=106692"}],"curies":[{"name":"wp","href":"https:\/\/api.w.org\/{rel}","templated":true}]}}