{"id":106694,"date":"2025-10-11T18:58:45","date_gmt":"2025-10-11T18:58:45","guid":{"rendered":"https:\/\/www.europesays.com\/pt\/106694\/"},"modified":"2025-10-11T18:58:45","modified_gmt":"2025-10-11T18:58:45","slug":"a-obsessao-pelo-ultimo-episodio-de-caverna-do-dragao-nexo-jornal","status":"publish","type":"post","link":"https:\/\/www.europesays.com\/pt\/106694\/","title":{"rendered":"A obsess\u00e3o pelo \u00faltimo epis\u00f3dio de \u2018Caverna do drag\u00e3o\u2019 &#8211; Nexo Jornal"},"content":{"rendered":"<ol>\n<li><a href=\"https:\/\/news.google.com\/rss\/articles\/CBMingFBVV95cUxQS3lWR1Vmc3A4NUFxZ29ETVphMW1PbUpsN1JTazFwQlNLa1BPVEFwXzdOOGZlR1YzY0g3Nm5fVWcyUjl1b0RkejNqOUtGTHZGTmppUGc2bUhiY094QjdvbTB1SExzMG91OHZQZlNELWNzQXRNVHBoemhEcEpfZHU2MUFWSlhOZnJTYWRNWm1BWjdyQnY2QlVnWG5uaXdOZw?oc=5\" target=\"_blank\" rel=\"nofollow noopener\">A obsess\u00e3o pelo \u00faltimo epis\u00f3dio de \u2018Caverna do drag\u00e3o\u2019<\/a>&nbsp;&nbsp;Nexo Jornal<\/li>\n<li><a href=\"https:\/\/news.google.com\/rss\/articles\/CBMiygFBVV95cUxPY0VwakR2YTAtZjBaTG5oYUZKYVRyaTBQNHJMRnFlaW1ya0NuNzdicllrRTc5dkxnX1NrSmxYNmhzdm16TUxPT0NiaW9DOXcxckFNR1I2SlE0ZFJVbWpCWEdVbDVKRXlVbl9jMy15N3BEUzVkVDRzb2J3UHZDazFmdHluOVQ0RnhMMmoyaWpxWEtvVnJPd0VNdzgzS2tLNTZxVDJSV2o2R1YyeGt0UW52LXZlMWQ4Z2dEQlJ4NEZ6M2pndVk3VmZHSjBB0gHPAUFVX3lxTE9GSHdDdUFjZVVCMGdKMmc2VEFNb2U0T2NHUkdfaVNhMFV6eE94VXd6SEV3cVdLdkF3UHZPbXlOUEZ3Z3lVaDRncThqdlJwMWtNbWh2NktlSXNRdmVQdXM2bXVhTXpvTmRLT1lWM1VNVlBJSHhtVTk2RWxKNU1RbmtnVlR5c2ZZQ3JIRFFYMUdybUQ1X0hiR3lvU2V3clJCV3ZQRXc4ZVZHVmwyZjZSZkRab21ENlFyWTFQSmVGV1dtVHZCZTN4NDR1WW4tYmo0bw?oc=5\" target=\"_blank\" rel=\"nofollow noopener\">&#8216;O \u00daltimo Epis\u00f3dio&#8217; brinca de &#8216;Caverna do Drag\u00e3o&#8217; ao reunir mem\u00f3rias de inf\u00e2ncia<\/a>&nbsp;&nbsp;Folha de S.Paulo<\/li>\n<li><a href=\"https:\/\/news.google.com\/rss\/articles\/CBMi1gFBVV95cUxOYUZVd082WnVNekpMLW40aXU4RzR0ejNtM1paNXlDbmJUN3ZMaHZqR3BPUl9uUHRkREdlalNkN2lsQjg4SV9vZ3R2Y1ZEYk5QTnFHV1ZfbEY4dTgxNUt2aUxWMkU0MnV5aEY2cWlRNTA1Y3BfVDlFdDN2WUJ2Z1BzdnI0TWZkQ2c0cV84SVFmb3Fsb2dvMTR1UVY3YkN4NGNVaXg1Ykp0VUpMOEVwRXFJaERIQkZTMWtGdXpkanNnd2llU1Vab3h0enRVYzhLSFIzSHVEVmxR?oc=5\" target=\"_blank\" rel=\"nofollow noopener\">\u2018O \u00daltimo Epis\u00f3dio\u2019 resgata cultura pop dos anos 1990 em uma carta de amor \u00e0 periferia brasileira<\/a>&nbsp;&nbsp;Estad\u00e3o<\/li>\n<li><a href=\"https:\/\/news.google.com\/rss\/articles\/CBMi-AFBVV95cUxOdDVqc1VrUjhmeDN5WjJtLUptYlBfdjJ0VVhPUVJhUkpQRi1QRWJzc3o1N3Y0UXNxTGdTcUFVckVwRldHc1NrV0VsNy0tWFBTa2hvNEN1U244b3hwN1dMZ1d3eXRqVzRjWHVSY0pXejZ5VmxCbWNTTlRYWDFNQXJGd1I5eXFTdE1SUlRDdDVHaEwxWERTbndQNU8wTHpNdm1lVFlNeU1kTWZ5WG9kbl9kZFhwTGg1Wk9KdXJ2d3FHVWRtb3NpejZURFV2VkE4WC1nOVZjSDZlc0U3R2JkU3luMjRnMFo1SkpmRnE5WXpOZUhRNUE1YzZkag?oc=5\" target=\"_blank\" rel=\"nofollow noopener\">Estreia o filme sobre o \u00faltimo epis\u00f3dio de &#8220;Caverna do Drag\u00e3o&#8221;<\/a>&nbsp;&nbsp;GZH<\/li>\n<li><a href=\"https:\/\/news.google.com\/rss\/articles\/CBMi5gFBVV95cUxPRXZUb0pqdVpxTy1IY3FQMHN4OUNHdm5vam4xd2JfcGJvV2Y5dVZYNTZ0VjFYOWVIMXN6SXJpT21pOG9Ec09YV1ZFRmU2Mmc3clczUHJPNjNPeXEyUVVIN1ZZWWpXdWpLOWw0d3E0WDBTTUhqNnN3UWZUQ0FYYl9qTDFhWFJFZVlPVGlFdUVMWG1hZmFuUXI0cFFfNVZnd0w4S240ejBWWk1iS21HR2xUTmxKN2liVURuZUEyZWV4Y1RWSmw3QjhSNmRFUGtRZWJpdHZsc3VMZzA2RUZFYjVscnFyOXBUQQ?oc=5\" target=\"_blank\" rel=\"nofollow noopener\">\u2018A arte \u00e9 universal quando as pessoas se reconhecem\u2019, diz diretor do filme O \u00daltimo Epis\u00f3dio<\/a>&nbsp;&nbsp;Brasil de Fato<\/li>\n<\/ol>\n","protected":false},"excerpt":{"rendered":"A obsess\u00e3o pelo \u00faltimo epis\u00f3dio de \u2018Caverna do drag\u00e3o\u2019&nbsp;&nbsp;Nexo Jornal &#8216;O \u00daltimo Epis\u00f3dio&#8217; brinca de &#8216;Caverna do Drag\u00e3o&#8217;&hellip;\n","protected":false},"author":2,"featured_media":106695,"comment_status":"","ping_status":"","sticky":false,"template":"","format":"standard","meta":{"footnotes":""},"categories":[140],"tags":[114,115,147,148,146,32,33],"class_list":{"0":"post-106694","1":"post","2":"type-post","3":"status-publish","4":"format-standard","5":"has-post-thumbnail","7":"category-filmes","8":"tag-entertainment","9":"tag-entretenimento","10":"tag-film","11":"tag-filmes","12":"tag-movies","13":"tag-portugal","14":"tag-pt"},"share_on_mastodon":{"url":"","error":""},"_links":{"self":[{"href":"https:\/\/www.europesays.com\/pt\/wp-json\/wp\/v2\/posts\/106694","targetHints":{"allow":["GET"]}}],"collection":[{"href":"https:\/\/www.europesays.com\/pt\/wp-json\/wp\/v2\/posts"}],"about":[{"href":"https:\/\/www.europesays.com\/pt\/wp-json\/wp\/v2\/types\/post"}],"author":[{"embeddable":true,"href":"https:\/\/www.europesays.com\/pt\/wp-json\/wp\/v2\/users\/2"}],"replies":[{"embeddable":true,"href":"https:\/\/www.europesays.com\/pt\/wp-json\/wp\/v2\/comments?post=106694"}],"version-history":[{"count":0,"href":"https:\/\/www.europesays.com\/pt\/wp-json\/wp\/v2\/posts\/106694\/revisions"}],"wp:featuredmedia":[{"embeddable":true,"href":"https:\/\/www.europesays.com\/pt\/wp-json\/wp\/v2\/media\/106695"}],"wp:attachment":[{"href":"https:\/\/www.europesays.com\/pt\/wp-json\/wp\/v2\/media?parent=106694"}],"wp:term":[{"taxonomy":"category","embeddable":true,"href":"https:\/\/www.europesays.com\/pt\/wp-json\/wp\/v2\/categories?post=106694"},{"taxonomy":"post_tag","embeddable":true,"href":"https:\/\/www.europesays.com\/pt\/wp-json\/wp\/v2\/tags?post=106694"}],"curies":[{"name":"wp","href":"https:\/\/api.w.org\/{rel}","templated":true}]}}