{"id":106706,"date":"2025-10-11T19:08:08","date_gmt":"2025-10-11T19:08:08","guid":{"rendered":"https:\/\/www.europesays.com\/pt\/106706\/"},"modified":"2025-10-11T19:08:08","modified_gmt":"2025-10-11T19:08:08","slug":"o-predio-residencial-mais-estreito-do-mundo-tem-4-apartamentos-completos-e-so-25-m-no-ponto-mais-largo-e-voce-vai-querer-ver-por-dentro","status":"publish","type":"post","link":"https:\/\/www.europesays.com\/pt\/106706\/","title":{"rendered":"O pr\u00e9dio residencial mais estreito do mundo tem 4 apartamentos completos e s\u00f3 2,5 m no ponto mais largo \u2014 e voc\u00ea vai querer ver por dentro"},"content":{"rendered":"<p>                            <img loading=\"lazy\" alt=\"\" src=\"data:image\/svg+xml,%3Csvg%20xmlns=\" http:=\"\" data-lazy- class=\"avatar avatar-43 photo\" height=\"43\" width=\"43\" decoding=\"async\" data-lazy-src=\"https:\/\/www.europesays.com\/pt\/wp-content\/uploads\/2025\/10\/avatar_user_58753_1745351702-43x43.png\"\/>                        <\/p>\n<p>\n                        Publicado em<br \/>\n                        11\/10\/2025 \u00e0s 14:32\n                    <\/p>\n<p>Em meio \u00e0s ruas movimentadas de T\u00f3quio, um pequeno pr\u00e9dio de azulejos amarelos virou <a href=\"https:\/\/clickpetroleoegas.com.br\/voce-ainda-nao-viu-tudo-conheca-os-predios-mais-esquisitos-do-mundo-de-edificio-em-forma-de-guitarra-a-predio-invertido-essas-obras-vao-te-surpreender-rpc95\/\" target=\"_blank\" rel=\"noreferrer noopener nofollow\">atra\u00e7\u00e3o internacional<\/a> porque desafia os limites do espa\u00e7o urbano. Considerado o \u201cresidencial mais estreito do mundo\u201d, o edif\u00edcio tem apenas 2,5 metros no ponto mais largo e, em alguns trechos, mal passa da largura de uma pessoa. <\/p>\n<p>Mesmo assim, abriga quatro micro apartamentos totalmente funcionais, projetados para o ritmo de vida da capital japonesa.<\/p>\n<p>Pr\u00e9dio mais estreito do mundo: sucesso nas redes e curiosidade mundial<\/p>\n<p>A constru\u00e7\u00e3o ganhou notoriedade ap\u00f3s aparecer em um v\u00eddeo do canal <strong>Tokyo Lens<\/strong>, criado por <strong>Norm Nakamura<\/strong>, e em postagens no <strong>TikTok<\/strong> do perfil <strong>@supercarblondie.xtra<\/strong>. <\/p>\n<p>        \u2014 ARTIGO CONTINUA ABAIXO \u2014<\/p>\n<p><a href=\"https:\/\/mercadolivre.com\/sec\/2nxQy22\" target=\"_blank\" rel=\" noreferrer noopener nofollow\"><img loading=\"lazy\" decoding=\"async\" width=\"1095\" height=\"730\" src=\"data:image\/svg+xml,%3Csvg%20xmlns=\" http:=\"\" alt=\"Crian\u00e7as sorrindo e brincando com brinquedos coloridos em promo\u00e7\u00e3o no Mercado Livre durante o Dia das Crian\u00e7as.\" class=\"wp-image-281347\" data-lazy-src=\"https:\/\/www.europesays.com\/pt\/wp-content\/uploads\/2025\/10\/Criancas-sorrindo-e-brincando-com-brinquedos-coloridos-em-promocao-no-Mercado-Livre-durante-o-Dia-da.jpeg\"\/><\/a><strong>Brinquedos infantis em promo\u00e7\u00e3o no Mercado Livre para o Dia das Crian\u00e7as<br \/><\/strong><\/p>\n<p>Os v\u00eddeos, que rapidamente viralizaram, mostram detalhes impressionantes do interior e j\u00e1 acumulam milh\u00f5es de visualiza\u00e7\u00f5es.<\/p>\n<p>O criador de conte\u00fado revelou que o aluguel de uma das unidades gira em torno de <strong>US$ 266 por m\u00eas<\/strong> \u2014 cerca de <strong>R$ 1.530<\/strong> na cota\u00e7\u00e3o atual. <\/p>\n<p>O valor \u00e9 considerado baixo para os padr\u00f5es de T\u00f3quio, o que explica parte do interesse pelo im\u00f3vel, apesar de seu tamanho min\u00fasculo.<\/p>\n<p>Engenharia de espa\u00e7o do pr\u00e9dio mais estreito do mundo<\/p>\n<p>O acesso \u00e9 feito por uma <strong>escada espiral externa<\/strong> que leva a uma <strong>porta met\u00e1lica estreita<\/strong>. Ao entrar, o visitante encontra um ambiente \u00fanico, que une cozinha, \u00e1rea de estar e varanda em um mesmo espa\u00e7o, iluminado por uma ampla janela.<\/p>\n<p>Mesmo com dimens\u00f5es reduzidas, o apartamento possui <strong>pia, cooktop, arm\u00e1rio, frigobar, ar-condicionado e \u00e1rea para dormir<\/strong>.<\/p>\n<p>A \u201csala de banho\u201d fica ao lado da entrada e surpreende pela compacta\u00e7\u00e3o: \u00e9 t\u00e3o estreita que quase n\u00e3o permite girar o corpo, mas ainda inclui uma pequena banheira. <\/p>\n<p>O <strong>vaso sanit\u00e1rio<\/strong> fica em um compartimento separado no corredor externo.<\/p>\n<p>Compara\u00e7\u00f5es e adapta\u00e7\u00f5es<\/p>\n<p>Nos coment\u00e1rios, muitos internautas compararam o formato triangular do pr\u00e9dio ao de uma <strong>barra de chocolate<\/strong>. <\/p>\n<p>Outros se perguntaram onde caberia uma cama. Norm explicou que moradores de im\u00f3veis parecidos costumam usar <strong>tatames dobr\u00e1veis<\/strong> ou <strong>colch\u00f5es infl\u00e1veis<\/strong> para aproveitar melhor o espa\u00e7o.<\/p>\n<p><strong>Com informa\u00e7\u00f5es de Casa e jardim.<\/strong><\/p>\n","protected":false},"excerpt":{"rendered":"Publicado em 11\/10\/2025 \u00e0s 14:32 Em meio \u00e0s ruas movimentadas de T\u00f3quio, um pequeno pr\u00e9dio de azulejos amarelos&hellip;\n","protected":false},"author":2,"featured_media":106707,"comment_status":"","ping_status":"","sticky":false,"template":"","format":"standard","meta":{"footnotes":""},"categories":[144],"tags":[207,205,206,203,201,202,204,114,115,32,25545,33],"class_list":{"0":"post-106706","1":"post","2":"type-post","3":"status-publish","4":"format-standard","5":"has-post-thumbnail","7":"category-arte-e-design","8":"tag-arte","9":"tag-arte-e-design","10":"tag-artedesign","11":"tag-arts","12":"tag-arts-and-design","13":"tag-artsanddesign","14":"tag-design","15":"tag-entertainment","16":"tag-entretenimento","17":"tag-portugal","18":"tag-predio-mais-estreito-do-mundo","19":"tag-pt"},"share_on_mastodon":{"url":"","error":""},"_links":{"self":[{"href":"https:\/\/www.europesays.com\/pt\/wp-json\/wp\/v2\/posts\/106706","targetHints":{"allow":["GET"]}}],"collection":[{"href":"https:\/\/www.europesays.com\/pt\/wp-json\/wp\/v2\/posts"}],"about":[{"href":"https:\/\/www.europesays.com\/pt\/wp-json\/wp\/v2\/types\/post"}],"author":[{"embeddable":true,"href":"https:\/\/www.europesays.com\/pt\/wp-json\/wp\/v2\/users\/2"}],"replies":[{"embeddable":true,"href":"https:\/\/www.europesays.com\/pt\/wp-json\/wp\/v2\/comments?post=106706"}],"version-history":[{"count":0,"href":"https:\/\/www.europesays.com\/pt\/wp-json\/wp\/v2\/posts\/106706\/revisions"}],"wp:featuredmedia":[{"embeddable":true,"href":"https:\/\/www.europesays.com\/pt\/wp-json\/wp\/v2\/media\/106707"}],"wp:attachment":[{"href":"https:\/\/www.europesays.com\/pt\/wp-json\/wp\/v2\/media?parent=106706"}],"wp:term":[{"taxonomy":"category","embeddable":true,"href":"https:\/\/www.europesays.com\/pt\/wp-json\/wp\/v2\/categories?post=106706"},{"taxonomy":"post_tag","embeddable":true,"href":"https:\/\/www.europesays.com\/pt\/wp-json\/wp\/v2\/tags?post=106706"}],"curies":[{"name":"wp","href":"https:\/\/api.w.org\/{rel}","templated":true}]}}