{"id":106716,"date":"2025-10-11T19:21:09","date_gmt":"2025-10-11T19:21:09","guid":{"rendered":"https:\/\/www.europesays.com\/pt\/106716\/"},"modified":"2025-10-11T19:21:09","modified_gmt":"2025-10-11T19:21:09","slug":"alarmes-imparaveis-e-slide-over-no-ipad","status":"publish","type":"post","link":"https:\/\/www.europesays.com\/pt\/106716\/","title":{"rendered":"Alarmes Impar\u00e1veis e Slide Over no iPad"},"content":{"rendered":"<p style=\"text-align: justify;\">A Apple continua a surpreender com as suas atualiza\u00e7\u00f5es de software, e a mais recente beta do iOS 26.1 n\u00e3o \u00e9 exce\u00e7\u00e3o. Ap\u00f3s apenas duas semanas desde o lan\u00e7amento da primeira beta, a gigante tecnol\u00f3gica j\u00e1 disponibilizou a segunda vers\u00e3o de teste, trazendo consigo uma s\u00e9rie de melhorias e novidades que prometem refinar ainda mais a experi\u00eancia do utilizador.<\/p>\n<p style=\"text-align: justify;\">Uma das altera\u00e7\u00f5es mais not\u00e1veis nesta atualiza\u00e7\u00e3o \u00e9 a modifica\u00e7\u00e3o na forma como os alarmes s\u00e3o geridos. No iOS 26, o design dos bot\u00f5es para pospor e parar o alarme gerou alguma confus\u00e3o entre os utilizadores, devido \u00e0 sua semelhan\u00e7a. A Apple ouviu o feedback dos utilizadores e introduziu um deslizador para parar o alarme, reminiscente do cl\u00e1ssico \u201cDeslizar para desbloquear\u201d. Este ajuste n\u00e3o s\u00f3 melhora a usabilidade, como tamb\u00e9m adiciona um toque nost\u00e1lgico ao sistema.<\/p>\n<p>O Regresso do Slide Over ao iPad<\/p>\n<p style=\"text-align: justify;\">Outra grande novidade \u00e9 o regresso da funcionalidade Slide Over ao iPad. Originalmente removida em iPadOS 26 em favor de um sistema de multitarefa baseado em janelas, a aus\u00eancia desta funcionalidade foi sentida por muitos utilizadores. Agora, com a beta 2 do iPadOS 26.1, o Slide Over est\u00e1 de volta, permitindo uma app em modo flutuante, que pode ser facilmente acedida sem interromper o fluxo de trabalho. Esta reintrodu\u00e7\u00e3o \u00e9 um compromisso entre o novo sistema de janelas e a necessidade de uma multitarefa mais fluida.<\/p>\n<p><img fetchpriority=\"high\" decoding=\"async\" class=\"aligncenter size-full wp-image-282785\" src=\"https:\/\/www.europesays.com\/pt\/wp-content\/uploads\/2025\/10\/1759847261_840-560-maistecnologia.com.jpeg\" alt=\"\" width=\"840\" height=\"560\"  \/><\/p>\n<p style=\"text-align: justify;\">Para os criadores de conte\u00fado, a Apple introduziu uma funcionalidade muito aguardada: o controlo de ganho para microfones externos. Agora, \u00e9 poss\u00edvel ajustar a sensibilidade do microfone diretamente a partir do Centro de Controlo, facilitando a captura de \u00e1udio de alta qualidade. Al\u00e9m disso, a personaliza\u00e7\u00e3o do local de armazenamento das grava\u00e7\u00f5es de \u00e1udio torna o fluxo de trabalho ainda mais eficiente.<\/p>\n<p>Personaliza\u00e7\u00e3o de Treinos na App de Fitness<\/p>\n<p style=\"text-align: justify;\">A app de Fitness no iPhone tamb\u00e9m recebeu uma atualiza\u00e7\u00e3o significativa. Os utilizadores podem agora criar treinos personalizados, escolhendo o tipo de atividade, as calorias a queimar, o n\u00edvel de esfor\u00e7o, a dura\u00e7\u00e3o e a hora de in\u00edcio. Esta personaliza\u00e7\u00e3o permite um acompanhamento mais preciso dos objetivos de fitness de cada utilizador.<\/p>\n<p style=\"text-align: justify;\">A Apple tamb\u00e9m fez pequenos ajustes na interface do utilizador. Os cabe\u00e7alhos na app de Ajustes est\u00e3o agora alinhados \u00e0 esquerda, proporcionando uma apar\u00eancia mais organizada e consistente. Esta altera\u00e7\u00e3o aplica-se a v\u00e1rias sec\u00e7\u00f5es, incluindo Geral, Bluetooth, Wi-Fi e Acessibilidade.<\/p>\n<p>Prepara\u00e7\u00e3o para o Futuro<\/p>\n<p style=\"text-align: justify;\">Sob o cap\u00f4, a Apple continua a preparar o terreno para futuras inova\u00e7\u00f5es. Na app Apple Vision Pro, por exemplo, agora \u00e9 utilizado um modelo 3D para representar o dispositivo, possivelmente em antecipa\u00e7\u00e3o ao lan\u00e7amento do Vision Pro com M5. Al\u00e9m disso, os fundos de ecr\u00e3 de exemplo foram atualizados para refletir os novos designs.<\/p>\n","protected":false},"excerpt":{"rendered":"A Apple continua a surpreender com as suas atualiza\u00e7\u00f5es de software, e a mais recente beta do iOS&hellip;\n","protected":false},"author":2,"featured_media":106717,"comment_status":"","ping_status":"","sticky":false,"template":"","format":"standard","meta":{"footnotes":""},"categories":[84],"tags":[247,109,107,108,248,21318,25546,32,33,105,103,104,106,110],"class_list":{"0":"post-106716","1":"post","2":"type-post","3":"status-publish","4":"format-standard","5":"has-post-thumbnail","7":"category-ciencia-e-tecnologia","8":"tag-apple","9":"tag-ciencia","10":"tag-ciencia-e-tecnologia","11":"tag-cienciaetecnologia","12":"tag-ios","13":"tag-ios-26-1","14":"tag-melhorias","15":"tag-portugal","16":"tag-pt","17":"tag-science","18":"tag-science-and-technology","19":"tag-scienceandtechnology","20":"tag-technology","21":"tag-tecnologia"},"share_on_mastodon":{"url":"","error":""},"_links":{"self":[{"href":"https:\/\/www.europesays.com\/pt\/wp-json\/wp\/v2\/posts\/106716","targetHints":{"allow":["GET"]}}],"collection":[{"href":"https:\/\/www.europesays.com\/pt\/wp-json\/wp\/v2\/posts"}],"about":[{"href":"https:\/\/www.europesays.com\/pt\/wp-json\/wp\/v2\/types\/post"}],"author":[{"embeddable":true,"href":"https:\/\/www.europesays.com\/pt\/wp-json\/wp\/v2\/users\/2"}],"replies":[{"embeddable":true,"href":"https:\/\/www.europesays.com\/pt\/wp-json\/wp\/v2\/comments?post=106716"}],"version-history":[{"count":0,"href":"https:\/\/www.europesays.com\/pt\/wp-json\/wp\/v2\/posts\/106716\/revisions"}],"wp:featuredmedia":[{"embeddable":true,"href":"https:\/\/www.europesays.com\/pt\/wp-json\/wp\/v2\/media\/106717"}],"wp:attachment":[{"href":"https:\/\/www.europesays.com\/pt\/wp-json\/wp\/v2\/media?parent=106716"}],"wp:term":[{"taxonomy":"category","embeddable":true,"href":"https:\/\/www.europesays.com\/pt\/wp-json\/wp\/v2\/categories?post=106716"},{"taxonomy":"post_tag","embeddable":true,"href":"https:\/\/www.europesays.com\/pt\/wp-json\/wp\/v2\/tags?post=106716"}],"curies":[{"name":"wp","href":"https:\/\/api.w.org\/{rel}","templated":true}]}}