{"id":106726,"date":"2025-10-11T19:27:08","date_gmt":"2025-10-11T19:27:08","guid":{"rendered":"https:\/\/www.europesays.com\/pt\/106726\/"},"modified":"2025-10-11T19:27:08","modified_gmt":"2025-10-11T19:27:08","slug":"como-kushner-se-tornou-um-dos-arquitetos-do-plano-para-gaza-observador","status":"publish","type":"post","link":"https:\/\/www.europesays.com\/pt\/106726\/","title":{"rendered":"Como Kushner se tornou um dos arquitetos do plano para Gaza \u2013 Observador"},"content":{"rendered":"<p>Foi na passada ter\u00e7a-feira que <strong>Jared Kushner <\/strong>viajou com o enviado especial norte-americano para o M\u00e9dio Oriente, <strong>Steve Witkoff<\/strong>, rumo ao Egito. Mais especificamente, a Sharm el-Sheikh, onde decorreram as negocia\u00e7\u00f5es de paz entre os mediadores de v\u00e1rios pa\u00edses e do Hamas. Do Egito, o par viajou at\u00e9 Israel para apresentar o plano ao gabinete de Netanyahu. Trump anunciou o acordo entre Israel e o Hamas algumas horas depois, na quinta-feira, 9 de outubro. \u201cColoquei Jared (nas negocia\u00e7\u00f5es) porque <strong>\u00e9 uma pessoa muito inteligente<\/strong>, conhece a regi\u00e3o, as pessoas e a maioria dos protagonistas\u201d, disse o Presidente norte-americano durante a confer\u00eancia de imprensa.<\/p>\n<p>O <strong>antigo conselheiro s\u00e9nior e genro de Donald Trump<\/strong> ter\u00e1 tido um papel chave para conseguir que o acordo fosse aceite. Mais do que isso: a imprensa norte-americana tem considerado a dupla Kushner e Witkoff como <strong>os dois arquitetos<\/strong> da <a href=\"https:\/\/observador.pt\/2025\/10\/09\/a-assinatura-a-libertacao-dos-refens-a-retirada-das-idf-e-os-prisioneiros-trocados-o-que-se-sabe-sobre-o-acordo-entre-israel-e-o-hamas\/\" target=\"_blank\" rel=\"noopener nofollow\">proposta de vinte pontos que resultou no acordo de cessar-fogo<\/a>, tendo alinhado estrat\u00e9gias e trabalhado nas negocia\u00e7\u00f5es uma semana antes do an\u00fancio oficial, \u00e0 partir das suas mans\u00f5es no estado norte-americano da Florida. <a href=\"https:\/\/edition.cnn.com\/2025\/10\/10\/politics\/jared-kushner-trump-gaza-deal\" target=\"_blank\" rel=\"noopener nofollow\">De acordo com o que disse um aliado do Presidente \u00e0 CNN<\/a>, Kushner ter\u00e1 sido respons\u00e1vel por <strong>convencer negociadores e l\u00edderes de pa\u00edses \u00e1rabes<\/strong>, fazendo-os sentirem-se mais confort\u00e1veis com o processo, devido \u00e0s suas rela\u00e7\u00f5es pr\u00f3ximas com a regi\u00e3o. O genro de Trump deve <strong>continuar a ter um papel importante<\/strong> nas pr\u00f3ximas fases da negocia\u00e7\u00f5es, confirmou tamb\u00e9m uma fonte da Casa Branca.<\/p>\n<p>Kushner come\u00e7ou a trabalhar num <strong>plano para Gaza p\u00f3s-guerra com Tony Blair<\/strong> h\u00e1 cerca de oito meses, <a href=\"https:\/\/www.nytimes.com\/2025\/10\/09\/us\/politics\/jared-kushner-gaza-deal.html\" target=\"_blank\" rel=\"noopener nofollow\">escreve o New York Times<\/a>. Ambos <a href=\"https:\/\/observador.pt\/liveblogs\/idf-interecetaram-missil-lancado-a-partir-do-iemen-sirenes-soaram-em-jerusalem\/\" target=\"_blank\" rel=\"noopener nofollow\">encontraram-se com Trump em agosto para discutir os projetos para o futuro do enclave palestiniano, <\/a>e desde ent\u00e3o, Kushner tem trabalhado ainda mais pr\u00f3ximo de Israel e dos pa\u00edses \u00e1rabes no processo de negocia\u00e7\u00e3o.<\/p>\n<p>Jared Kushner licenciou-se em ci\u00eancias pol\u00edticas e fez um mestrado em administra\u00e7\u00e3o em Harvard e tornou-se num guru do mercado imobili\u00e1rio em Nova Iorque, ainda antes de se envolver com a futura mulher, Ivanka Trump. Os dois conheceram-se em 2007, <strong>casaram-se em 2009<\/strong>, e tiveram tr\u00eas filhos: Arabella, Joseph e Theodore. Ambos <strong>trabalharam voluntariamente como conselheiros s\u00e9nior no primeiro mandato de Donald Trump<\/strong>, entre 2017 e 2021 \u2014 altura em que o <strong>pai de Kusnher, Charles, recebeu o perd\u00e3o presidencial por evas\u00e3o fiscal<\/strong>, entre outras viola\u00e7\u00f5es. Doador da campanha de Trump, Charles Kushner \u00e9 atualmente o embaixador dos EUA na Fran\u00e7a.<\/p>\n","protected":false},"excerpt":{"rendered":"Foi na passada ter\u00e7a-feira que Jared Kushner viajou com o enviado especial norte-americano para o M\u00e9dio Oriente, Steve&hellip;\n","protected":false},"author":2,"featured_media":106727,"comment_status":"","ping_status":"","sticky":false,"template":"","format":"standard","meta":{"footnotes":""},"categories":[144],"tags":[207,205,206,203,201,202,311,204,114,115,62,32,33],"class_list":{"0":"post-106726","1":"post","2":"type-post","3":"status-publish","4":"format-standard","5":"has-post-thumbnail","7":"category-arte-e-design","8":"tag-arte","9":"tag-arte-e-design","10":"tag-artedesign","11":"tag-arts","12":"tag-arts-and-design","13":"tag-artsanddesign","14":"tag-conflito-israelo-palestiniano","15":"tag-design","16":"tag-entertainment","17":"tag-entretenimento","18":"tag-mundo","19":"tag-portugal","20":"tag-pt"},"share_on_mastodon":{"url":"","error":""},"_links":{"self":[{"href":"https:\/\/www.europesays.com\/pt\/wp-json\/wp\/v2\/posts\/106726","targetHints":{"allow":["GET"]}}],"collection":[{"href":"https:\/\/www.europesays.com\/pt\/wp-json\/wp\/v2\/posts"}],"about":[{"href":"https:\/\/www.europesays.com\/pt\/wp-json\/wp\/v2\/types\/post"}],"author":[{"embeddable":true,"href":"https:\/\/www.europesays.com\/pt\/wp-json\/wp\/v2\/users\/2"}],"replies":[{"embeddable":true,"href":"https:\/\/www.europesays.com\/pt\/wp-json\/wp\/v2\/comments?post=106726"}],"version-history":[{"count":0,"href":"https:\/\/www.europesays.com\/pt\/wp-json\/wp\/v2\/posts\/106726\/revisions"}],"wp:featuredmedia":[{"embeddable":true,"href":"https:\/\/www.europesays.com\/pt\/wp-json\/wp\/v2\/media\/106727"}],"wp:attachment":[{"href":"https:\/\/www.europesays.com\/pt\/wp-json\/wp\/v2\/media?parent=106726"}],"wp:term":[{"taxonomy":"category","embeddable":true,"href":"https:\/\/www.europesays.com\/pt\/wp-json\/wp\/v2\/categories?post=106726"},{"taxonomy":"post_tag","embeddable":true,"href":"https:\/\/www.europesays.com\/pt\/wp-json\/wp\/v2\/tags?post=106726"}],"curies":[{"name":"wp","href":"https:\/\/api.w.org\/{rel}","templated":true}]}}