{"id":106738,"date":"2025-10-11T19:37:20","date_gmt":"2025-10-11T19:37:20","guid":{"rendered":"https:\/\/www.europesays.com\/pt\/106738\/"},"modified":"2025-10-11T19:37:20","modified_gmt":"2025-10-11T19:37:20","slug":"reconduzido-por-macron-sebastien-lecornu-quer-nomear-um-governo-livre-de-apetites-partidarios","status":"publish","type":"post","link":"https:\/\/www.europesays.com\/pt\/106738\/","title":{"rendered":"Reconduzido por Macron. S\u00e9bastien Lecornu quer nomear um governo &#8220;livre&#8221; de apetites partid\u00e1rios"},"content":{"rendered":"<p>&#13;<br \/>\nO primeiro-ministro franc\u00eas afirmou este s\u00e1bado querer nomear um Governo &#8220;livre&#8221; e &#8220;n\u00e3o preso aos partidos&#8221;, depois de ter sido reconduzido na sexta-feira \u00e0 noite pelo presidente franc\u00eas Emmanuel Macron.\u00a0&#8220;Este governo deve ser livre e n\u00e3o preso aos partidos, inclusive em &#13;<br \/>\nrela\u00e7\u00e3o \u00e0s pr\u00f3ximas elei\u00e7\u00f5es presidenciais&#8221;, afirmou.\u00a0&#13;\n<\/p>\n<p>&#13;<br \/>\nNas suas declara\u00e7\u00f5es aos jornalistas, \u00e0 margem de uma visita a uma esquadra de pol\u00edcia em Val-de-Marne, a sudeste de Paris, S\u00e9bastien Lecornu observou esta manh\u00e3 que &#8220;n\u00e3o havia muitos candidatos&#8221; para o suceder como primeiro-ministro.\u00a0&#13;\n<\/p>\n<p>Desde a sua recondu\u00e7\u00e3o somam-se as cr\u00edticas da oposi\u00e7\u00e3o e as amea\u00e7as de censura imediata ao novo Executivo<b>, nomeadamente da Fran\u00e7a Insubmissa, do Partido Comunista Franc\u00eas, dos Ecologistas e do\u00a0Rassemblement National. <\/b><br \/>\n          <img decoding=\"async\" itemprop=\"image\" class=\"img-fluid\"   src=\"https:\/\/www.europesays.com\/pt\/wp-content\/uploads\/2025\/10\/76e1e7f66bb3674d542766b089a7e325\"\/><\/p>\n<p>&#13;<br \/>\nAp\u00f3s a recondu\u00e7\u00e3o de S\u00e9bastien Lecornu, Gabriel Attal,\u00a0 antigo primeiro-ministro franc\u00eas e l\u00edder do &#8220;bloco central&#8221; Ensemble pour la R\u00e9publique, considerou que\u00a0<b>&#8220;o \u00fanico desafio que vale a pena agora \u00e9 dotar a Fran\u00e7a de um Or\u00e7amento<\/b>&#8221; para o pr\u00f3ximo ano.\u00a0&#13;\n<\/p>\n<p>&#13;<br \/>\nNuma publica\u00e7\u00e3o no X Gabriel Attal afirmou que\u00a0<b>&#8220;o primeiro-ministro foi reconduzido nas suas fun\u00e7\u00f5es. \u00c9 uma decis\u00e3o do presidente da Rep\u00fablica&#8221;<\/b>,\u00a0depois de ter denunciado um &#8220;espet\u00e1culo lament\u00e1vel&#8221; no in\u00edcio da semana e admitido que j\u00e1 &#8220;n\u00e3o compreender mais as decis\u00f5es do presidente da Rep\u00fablica&#8221;.\u00a0&#13;\n<\/p>\n<blockquote class=\"twitter-tweet\"><p>&#13;<\/p>\n<p dir=\"ltr\" lang=\"fr\">&#13;<br \/>\n\tLe Premier ministre a \u00e9t\u00e9 reconduit dans ses fonctions.<\/p>\n<p>C\u2019est la d\u00e9cision du pr\u00e9sident de la R\u00e9publique. <\/p>\n<p>Le seul enjeu qui vaille d\u00e9sormais, c\u2019est de doter la France d\u2019un budget. <a href=\"https:\/\/twitter.com\/Renaissance?ref_src=twsrc%5Etfw\" rel=\"nofollow noopener\" target=\"_blank\">@Renaissance<\/a> et les <a href=\"https:\/\/twitter.com\/DeputesEnsemble?ref_src=twsrc%5Etfw\" rel=\"nofollow noopener\" target=\"_blank\">@DeputesEnsemble<\/a> y travailleront d\u2019arrache-pied.&#13;\n\t<\/p>\n<p>&#13;<br \/>\n\t\u2014 Gabriel Attal (@GabrielAttal) <a href=\"https:\/\/twitter.com\/GabrielAttal\/status\/1976950310544585021?ref_src=twsrc%5Etfw\" rel=\"nofollow noopener\" target=\"_blank\">October 11, 2025<\/a>&#13;\n<\/p><\/blockquote>\n<p><\/p>\n<p>&#13;<br \/>\nAus\u00eancias anunciadas no pr\u00f3ximo Governo<br \/>&#13;<br \/>\nO ministro franc\u00eas do Interior demission\u00e1rio, Bruno Retailleau, anunciou esta manh\u00e3 que n\u00e3o far\u00e1 parte do pr\u00f3ximo Governo. S\u00e9bastien Lecornu disse &#8220;respeitar&#8221; a decis\u00e3o de Bruno Retailleau.\u00a0<br \/>&#13;<br \/>\n<b><br \/>&#13;<br \/>\n<\/b>&#13;\n<\/p>\n<p>&#13;<br \/>\nAo in\u00edcio da tarde, o seu partido Les R\u00e9publicains (Republicanos) anunciou que n\u00e3o participar\u00e1 no Executivo de Lecornu<b>\u00a0<\/b>por n\u00e3o estarem reunidas as condi\u00e7\u00f5es e a confian\u00e7a necess\u00e1rias &#8220;nesta fase&#8221;.\u00a0&#13;\n<\/p>\n<p>&#13;<br \/>\n<b>\u00a0&#8220;A Dire\u00e7\u00e3o Pol\u00edtica dos Republicanos reafirma a necessidade de dotar a Fran\u00e7a de um Or\u00e7amento: \u00e9 por isso que os Republicanos ser\u00e3o respons\u00e1veis e n\u00e3o ser\u00e3o os art\u00edfices do caos&#8221;, <\/b>explicam em comunicado.\u00a0&#13;\n<\/p>\n<p><script async src=\"https:\/\/platform.twitter.com\/widgets.js\" charset=\"utf-8\"><\/script><\/p>\n","protected":false},"excerpt":{"rendered":"&#13; O primeiro-ministro franc\u00eas afirmou este s\u00e1bado querer nomear um Governo &#8220;livre&#8221; e &#8220;n\u00e3o preso aos partidos&#8221;, depois&hellip;\n","protected":false},"author":2,"featured_media":106739,"comment_status":"","ping_status":"","sticky":false,"template":"","format":"standard","meta":{"footnotes":""},"categories":[50],"tags":[27,28,447,15,16,208,14,25,26,21,22,62,12,13,19,20,23,24,18055,17,18,29,30,31,63,64,65],"class_list":{"0":"post-106738","1":"post","2":"type-post","3":"status-publish","4":"format-standard","5":"has-post-thumbnail","7":"category-mundo","8":"tag-breaking-news","9":"tag-breakingnews","10":"tag-emmanuel-macron","11":"tag-featured-news","12":"tag-featurednews","13":"tag-franca","14":"tag-headlines","15":"tag-latest-news","16":"tag-latestnews","17":"tag-main-news","18":"tag-mainnews","19":"tag-mundo","20":"tag-news","21":"tag-noticias","22":"tag-noticias-principais","23":"tag-noticiasprincipais","24":"tag-principais-noticias","25":"tag-principaisnoticias","26":"tag-sebastien-lecornu","27":"tag-top-stories","28":"tag-topstories","29":"tag-ultimas","30":"tag-ultimas-noticias","31":"tag-ultimasnoticias","32":"tag-world","33":"tag-world-news","34":"tag-worldnews"},"share_on_mastodon":{"url":"","error":""},"_links":{"self":[{"href":"https:\/\/www.europesays.com\/pt\/wp-json\/wp\/v2\/posts\/106738","targetHints":{"allow":["GET"]}}],"collection":[{"href":"https:\/\/www.europesays.com\/pt\/wp-json\/wp\/v2\/posts"}],"about":[{"href":"https:\/\/www.europesays.com\/pt\/wp-json\/wp\/v2\/types\/post"}],"author":[{"embeddable":true,"href":"https:\/\/www.europesays.com\/pt\/wp-json\/wp\/v2\/users\/2"}],"replies":[{"embeddable":true,"href":"https:\/\/www.europesays.com\/pt\/wp-json\/wp\/v2\/comments?post=106738"}],"version-history":[{"count":0,"href":"https:\/\/www.europesays.com\/pt\/wp-json\/wp\/v2\/posts\/106738\/revisions"}],"wp:featuredmedia":[{"embeddable":true,"href":"https:\/\/www.europesays.com\/pt\/wp-json\/wp\/v2\/media\/106739"}],"wp:attachment":[{"href":"https:\/\/www.europesays.com\/pt\/wp-json\/wp\/v2\/media?parent=106738"}],"wp:term":[{"taxonomy":"category","embeddable":true,"href":"https:\/\/www.europesays.com\/pt\/wp-json\/wp\/v2\/categories?post=106738"},{"taxonomy":"post_tag","embeddable":true,"href":"https:\/\/www.europesays.com\/pt\/wp-json\/wp\/v2\/tags?post=106738"}],"curies":[{"name":"wp","href":"https:\/\/api.w.org\/{rel}","templated":true}]}}