{"id":106740,"date":"2025-10-11T19:38:11","date_gmt":"2025-10-11T19:38:11","guid":{"rendered":"https:\/\/www.europesays.com\/pt\/106740\/"},"modified":"2025-10-11T19:38:11","modified_gmt":"2025-10-11T19:38:11","slug":"ferido-grave-numa-colisao-entre-um-carro-e-uma-mota-em-barcelos","status":"publish","type":"post","link":"https:\/\/www.europesays.com\/pt\/106740\/","title":{"rendered":"Ferido grave numa colis\u00e3o entre um carro e uma mota em Barcelos"},"content":{"rendered":"<p>O acidente ocorreu por volta das 9 horas, na Estrada Nacional 204, quando os dois ve\u00edculos colidiram frontalmente, em circunst\u00e2ncias que est\u00e3o ainda por apurar.<\/p>\n<p data-remotead-prev-elm=\"true\" data-remotead-elm-id=\"inread\">Os Bombeiros Volunt\u00e1rios de Barcelos mobilizaram duas ambul\u00e2ncias e um ve\u00edculo de desencarceramento para o local. A v\u00edtima foi assistida no local pela equipa da VMER e transportada em estado grave para o Hospital de Braga.<\/p>\n<p>A via esteve cortada durante cerca de duas horas para as opera\u00e7\u00f5es de socorro e limpeza da estrada. A GNR registou a ocorr\u00eancia e est\u00e1 a investigar as causas do acidente.<\/p>\n","protected":false},"excerpt":{"rendered":"O acidente ocorreu por volta das 9 horas, na Estrada Nacional 204, quando os dois ve\u00edculos colidiram frontalmente,&hellip;\n","protected":false},"author":2,"featured_media":106741,"comment_status":"","ping_status":"","sticky":false,"template":"","format":"standard","meta":{"footnotes":""},"categories":[10],"tags":[59,27,28,24260,21189,15,16,14,25,26,21,22,12,13,19,20,32,23,24,33,17,18,29,30,31],"class_list":{"0":"post-106740","1":"post","2":"type-post","3":"status-publish","4":"format-standard","5":"has-post-thumbnail","7":"category-portugal","8":"tag-acidente","9":"tag-breaking-news","10":"tag-breakingnews","11":"tag-colisao","12":"tag-concelho-barcelos","13":"tag-featured-news","14":"tag-featurednews","15":"tag-headlines","16":"tag-latest-news","17":"tag-latestnews","18":"tag-main-news","19":"tag-mainnews","20":"tag-news","21":"tag-noticias","22":"tag-noticias-principais","23":"tag-noticiasprincipais","24":"tag-portugal","25":"tag-principais-noticias","26":"tag-principaisnoticias","27":"tag-pt","28":"tag-top-stories","29":"tag-topstories","30":"tag-ultimas","31":"tag-ultimas-noticias","32":"tag-ultimasnoticias"},"share_on_mastodon":{"url":"","error":""},"_links":{"self":[{"href":"https:\/\/www.europesays.com\/pt\/wp-json\/wp\/v2\/posts\/106740","targetHints":{"allow":["GET"]}}],"collection":[{"href":"https:\/\/www.europesays.com\/pt\/wp-json\/wp\/v2\/posts"}],"about":[{"href":"https:\/\/www.europesays.com\/pt\/wp-json\/wp\/v2\/types\/post"}],"author":[{"embeddable":true,"href":"https:\/\/www.europesays.com\/pt\/wp-json\/wp\/v2\/users\/2"}],"replies":[{"embeddable":true,"href":"https:\/\/www.europesays.com\/pt\/wp-json\/wp\/v2\/comments?post=106740"}],"version-history":[{"count":0,"href":"https:\/\/www.europesays.com\/pt\/wp-json\/wp\/v2\/posts\/106740\/revisions"}],"wp:featuredmedia":[{"embeddable":true,"href":"https:\/\/www.europesays.com\/pt\/wp-json\/wp\/v2\/media\/106741"}],"wp:attachment":[{"href":"https:\/\/www.europesays.com\/pt\/wp-json\/wp\/v2\/media?parent=106740"}],"wp:term":[{"taxonomy":"category","embeddable":true,"href":"https:\/\/www.europesays.com\/pt\/wp-json\/wp\/v2\/categories?post=106740"},{"taxonomy":"post_tag","embeddable":true,"href":"https:\/\/www.europesays.com\/pt\/wp-json\/wp\/v2\/tags?post=106740"}],"curies":[{"name":"wp","href":"https:\/\/api.w.org\/{rel}","templated":true}]}}