{"id":106742,"date":"2025-10-11T19:39:20","date_gmt":"2025-10-11T19:39:20","guid":{"rendered":"https:\/\/www.europesays.com\/pt\/106742\/"},"modified":"2025-10-11T19:39:20","modified_gmt":"2025-10-11T19:39:20","slug":"repentina-e-inesperadamente-morreu-john-lodge-baixista-e-vocalista-dos-the-moody-blues","status":"publish","type":"post","link":"https:\/\/www.europesays.com\/pt\/106742\/","title":{"rendered":"\u201cRepentina e inesperadamente\u201d: morreu John Lodge, baixista e vocalista dos The Moody Blues"},"content":{"rendered":"<p>Baixista e um dos vocalistas dos The Moody Blues, John Lodge morreu aos 82 anos esta quinta-feira, anunciou a sua fam\u00edlia em comunicado.<\/p>\n<p><strong>&#8220;\u00c9 com a mais profunda tristeza que anunciamos que John Lodge morreu repentina e inesperadamente&#8221;<\/strong>, l\u00ea-se no comunicado. &#8220;John morreu em paz, rodeado pelos seus entes queridos, ao som de The Everly Brothers e Buddy Holly&#8221;, m\u00fasicos que adorava.<\/p>\n<p>Lodge, nascido em Birmingham, em 1943, juntou-se aos The Moody Blues em 1966, e fez parte da banda at\u00e9 \u00e0 sua \u00faltima atua\u00e7\u00e3o, em 2018, antes da morte de Ray Thomas, um dos cinco fundadores do grupo.<\/p>\n<p>Os Moody Blues, que conquistaram o seu lugar na Rock and Roll Hall of Fame, surgiram em 1964, em Birmingham, no contexto emergente do Rhythm &amp; Blues, no Reino Unido, formados por Ray Thomas, Mike Pinder, Graeme Edge, Denny Laine e Clint Warwick.<\/p>\n<p>Dois anos mais tarde, com a sa\u00edda de Laine e Warwick, a banda estabeleceu a forma\u00e7\u00e3o mais duradora, com a entrada de John Lodge e Justin Hayward, agora o \u00fanico sobrevivente deste n\u00facleo, acabando por se aproximar mais de correntes do rock psicad\u00e9lico, sinf\u00f3nico e progressivo, sobretudo a partir do \u00e1lbum &#8220;Days of Future Passed&#8221; (1966).<\/p>\n<p>Lodge participou em algumas das composi\u00e7\u00f5es mais conhecidas do grupo, como &#8220;Nights In White Satin&#8221;, &#8220;Question&#8221; e &#8220;Isn&#8217;t Life Strange&#8221;, marcos numa carreira de quase 60 anos, sempre ligada aos The Moody Blues. S\u00e3o da sua autoria e foram por si interpretados temas como \u2018I&#8217;m Just a Singer (In a Rock and Roll Band)\u2019, sucesso de 1973.<\/p>\n<p>Entre os projetos a solo de Lodge contam-se os \u00e1lbuns &#8220;Natural Avenue&#8221; (1977), &#8220;10,000 Light Years Ago&#8221; (2015) e &#8220;Days of Future Passed &#8211; My Sojourn&#8221; (2023), al\u00e9m de &#8220;Blue Jays&#8221; (1975), com Justin Hayward.<\/p>\n<p>&#8220;Todos os que conheceram este homem bondoso sabem que o seu amor pela mulher, Kirsten [com quem viveu desde 1968], e pela sua fam\u00edlia eram o que mais importava para ele, acima da sua paix\u00e3o pela m\u00fasica e pela sua f\u00e9&#8221;, l\u00ea-se no comunicado divulgado sobre a morte de John Lodge.<\/p>\n<p>&#8220;Vamos sempre sentir falta do seu amor, do seu sorriso, da sua bondade e do seu apoio incondicional e infinito. Estamos de cora\u00e7\u00e3o partido, mas vamos seguir em frente em paz, rodeados pelo amor que ele tinha por cada um de n\u00f3s&#8221;, conclui a mensagem da fam\u00edlia, citada pelas ag\u00eancias internacionais de not\u00edcias.<\/p>\n<p>The Moody Blues, que se mantiveram ativos at\u00e9 2010 &#8211; antes do regresso aos palcos em 2018 -, venderam mais de 70 milh\u00f5es de \u00e1lbuns em todo o mundo, de acordo com o &#8216;site&#8217; oficial. &#8220;Nights in White Satin&#8221;, uma das can\u00e7\u00f5es mais famosas da banda, foi lan\u00e7ada em 1967. O seu derradeiro \u00e1lbum de est\u00fadio, &#8220;December&#8221;, data de 2003.<\/p>\n","protected":false},"excerpt":{"rendered":"Baixista e um dos vocalistas dos The Moody Blues, John Lodge morreu aos 82 anos esta quinta-feira, anunciou&hellip;\n","protected":false},"author":2,"featured_media":106743,"comment_status":"","ping_status":"","sticky":false,"template":"","format":"standard","meta":{"footnotes":""},"categories":[8],"tags":[27,28,15,16,14,25,26,21,22,12,13,19,20,32,23,24,33,17,18,29,30,31],"class_list":{"0":"post-106742","1":"post","2":"type-post","3":"status-publish","4":"format-standard","5":"has-post-thumbnail","7":"category-principais-noticias","8":"tag-breaking-news","9":"tag-breakingnews","10":"tag-featured-news","11":"tag-featurednews","12":"tag-headlines","13":"tag-latest-news","14":"tag-latestnews","15":"tag-main-news","16":"tag-mainnews","17":"tag-news","18":"tag-noticias","19":"tag-noticias-principais","20":"tag-noticiasprincipais","21":"tag-portugal","22":"tag-principais-noticias","23":"tag-principaisnoticias","24":"tag-pt","25":"tag-top-stories","26":"tag-topstories","27":"tag-ultimas","28":"tag-ultimas-noticias","29":"tag-ultimasnoticias"},"share_on_mastodon":{"url":"","error":""},"_links":{"self":[{"href":"https:\/\/www.europesays.com\/pt\/wp-json\/wp\/v2\/posts\/106742","targetHints":{"allow":["GET"]}}],"collection":[{"href":"https:\/\/www.europesays.com\/pt\/wp-json\/wp\/v2\/posts"}],"about":[{"href":"https:\/\/www.europesays.com\/pt\/wp-json\/wp\/v2\/types\/post"}],"author":[{"embeddable":true,"href":"https:\/\/www.europesays.com\/pt\/wp-json\/wp\/v2\/users\/2"}],"replies":[{"embeddable":true,"href":"https:\/\/www.europesays.com\/pt\/wp-json\/wp\/v2\/comments?post=106742"}],"version-history":[{"count":0,"href":"https:\/\/www.europesays.com\/pt\/wp-json\/wp\/v2\/posts\/106742\/revisions"}],"wp:featuredmedia":[{"embeddable":true,"href":"https:\/\/www.europesays.com\/pt\/wp-json\/wp\/v2\/media\/106743"}],"wp:attachment":[{"href":"https:\/\/www.europesays.com\/pt\/wp-json\/wp\/v2\/media?parent=106742"}],"wp:term":[{"taxonomy":"category","embeddable":true,"href":"https:\/\/www.europesays.com\/pt\/wp-json\/wp\/v2\/categories?post=106742"},{"taxonomy":"post_tag","embeddable":true,"href":"https:\/\/www.europesays.com\/pt\/wp-json\/wp\/v2\/tags?post=106742"}],"curies":[{"name":"wp","href":"https:\/\/api.w.org\/{rel}","templated":true}]}}