{"id":10675,"date":"2025-07-31T20:22:10","date_gmt":"2025-07-31T20:22:10","guid":{"rendered":"https:\/\/www.europesays.com\/pt\/10675\/"},"modified":"2025-07-31T20:22:10","modified_gmt":"2025-07-31T20:22:10","slug":"animals-as-leaders-cancela-turne-que-passaria-pelo-brasil","status":"publish","type":"post","link":"https:\/\/www.europesays.com\/pt\/10675\/","title":{"rendered":"Animals as Leaders cancela turn\u00ea que passaria pelo Brasil"},"content":{"rendered":"<p>O Animals as Leaders anunciou o cancelamento dos shows na Am\u00e9rica Latina e Austr\u00e1lia. A <a href=\"https:\/\/whiplash.net\/temas\/a\/agenda.html\" class=\"hotwords\" rel=\"nofollow noopener\" target=\"_blank\">agenda<\/a> inclu\u00eda uma apresenta\u00e7\u00e3o no Brasil, que aconteceria em S\u00e3o Paulo no pr\u00f3ximo dia 26 de agosto, no Teatro Bradesco. O motivo foi uma les\u00e3o do baterista Matt Garstka, que precisar\u00e1 passar por cirurgia em um dos bra\u00e7os. A banda postou um comunicado oficial.<\/p>\n<p><a target=\"_blank\" href=\"https:\/\/www.europesays.com\/pt\/wp-content\/uploads\/2025\/07\/animals_as_leaders.jpg\"><img loading=\"lazy\" decoding=\"async\" src=\"https:\/\/www.europesays.com\/pt\/wp-content\/uploads\/2025\/07\/animals_as_leaders.jpg\" class=\"widthConstrained\" width=\"640\" height=\"427\" alt=\"Foto: Divulga\u00e7\u00e3o\"\/><\/a>Foto: Divulga\u00e7\u00e3o<\/p>\n<p>CONTINUA DEPOIS DA PUBLICIDADE &#8211; CLI<\/p>\n<p>&#13;<br \/>\n&#13;<br \/>\n&#13;<br \/>\n&#13;<br \/>\n&#13;<br \/>\n&#13;<br \/>\n&#13;<br \/>\n&#13;<br \/>\n<a href=\"https:\/\/whiplash.net\/materias\/whiplash\/027002.html\" rel=\"nofollow noopener\" target=\"_blank\"><img decoding=\"async\" src=\"https:\/\/www.europesays.com\/pt\/wp-content\/uploads\/2025\/07\/1753993330_622_anunciar_diabo_336x280.gif\" loading=\"lazy\" width=\"336\" height=\"280\" class=\"widthConstrained\" style=\"background-color:#000000;display:block;\" alt=\"Anunciar bandas e shows de Rock e Heavy Metal\"\/><\/a>&#13;<\/p>\n<p>&#8220;Para os nossos f\u00e3s no M\u00e9xico, Am\u00e9rica do Sul e Austr\u00e1lia, temos uma not\u00edcia lament\u00e1vel. Teremos que cancelar nossos pr\u00f3ximos shows. Matt sofreu uma les\u00e3o grave no bra\u00e7o que exige cirurgia, e n\u00e3o h\u00e1 como nos apresentarmos sem ele. Em vez de deixar as coisas no ar, estamos esclarecendo o assunto agora e focando totalmente na composi\u00e7\u00e3o do pr\u00f3ximo \u00e1lbum. Novo material j\u00e1 est\u00e1 sendo produzido e teremos mais para compartilhar em breve.<\/p>\n<p>Sabemos que essa not\u00edcia \u00e9 p\u00e9ssima, principalmente para aqueles que esperaram muito tempo para nos ver ao vivo. Cancelar shows n\u00e3o \u00e9 algo que encaramos levianamente. Obrigado por continuarem conosco. Voltaremos \u00e0s suas cidades com novas m\u00fasicas e um set ainda mais impactante. Respeito, <a href=\"https:\/\/whiplash.net\/bandas\/a\/animalsasleaders.html\" class=\"hotwords\" rel=\"nofollow noopener\" target=\"_blank\">Animals As Leaders<\/a>.&#8221;<\/p>\n<p>CONTINUA DEPOIS DA PUBLICIDADE &#8211; GOO<\/p>\n<p>&#13;<br \/>\n&#13;<br \/>\n&#13;<br \/>\n&#13;<br \/>\n<a href=\"https:\/\/whiplash.net\/materias\/whiplash\/027002.html\" rel=\"nofollow noopener\" target=\"_blank\"><img decoding=\"async\" src=\"https:\/\/www.europesays.com\/pt\/wp-content\/uploads\/2025\/07\/1753993330_622_anunciar_diabo_336x280.gif\" loading=\"lazy\" width=\"336\" height=\"280\" alt=\"Anunciar no Whiplash.Net\"\/><\/a>&#13;<br \/>\n&#13;<br \/>\n&#13;<br \/>\n&#13;<br \/>\n&#13;<br \/>\n&#13;<br \/>\n<a href=\"https:\/\/whiplash.net\/materias\/whiplash\/027002.html\" rel=\"nofollow noopener\" target=\"_blank\"><img decoding=\"async\" src=\"https:\/\/www.europesays.com\/pt\/wp-content\/uploads\/2025\/07\/1753993330_622_anunciar_diabo_336x280.gif\" loading=\"lazy\" width=\"336\" height=\"280\" class=\"widthConstrained\" style=\"background-color:#000000;display:block;\" alt=\"Anunciar bandas e shows de Rock e Heavy Metal\"\/><\/a>&#13;<\/p>\n<p>Criado em 2007, o Animals as Leaders \u00e9 um projeto instrumental com influ\u00eancias que v\u00e3o do fusion ao technical death metal. Mesmo com uma proposta que sugere bastante complexidade para os padr\u00f5es do ouvinte comum, o grupo conseguiu emplacar seus \u00e1lbuns na Billboard 200, principal parada de discos dos Estados Unidos. &#8220;The Joy of Motion&#8221;, de 2014, foi o que obteve o melhor resultado, chegando ao 23\u00ba lugar no chart.<\/p>\n<p>O guitarrista Tosin Abasi tamb\u00e9m participa do Generation Axe, supergrupo de instrumentistas que ainda conta com <a href=\"https:\/\/whiplash.net\/bandas\/s\/stevevai.html\" class=\"hotwords\" rel=\"nofollow noopener\" target=\"_blank\">Steve Vai<\/a>, <a href=\"https:\/\/whiplash.net\/bandas\/z\/zakkwylde.html\" class=\"hotwords\" rel=\"nofollow noopener\" target=\"_blank\">Zakk Wylde<\/a>, Nuno Bettencourt e <a href=\"https:\/\/whiplash.net\/bandas\/y\/yngwiemalmsteen.html\" class=\"hotwords\" rel=\"nofollow noopener\" target=\"_blank\">Yngwie Malmsteen<\/a>. A forma\u00e7\u00e3o ainda conta com o citado Matt Garstks e Javier Reyes (guitarra r\u00edtmica e baixo).<\/p>\n<p>CONTINUA DEPOIS DA PUBLICIDADE &#8211; CLI<\/p>\n<p>&#13;<br \/>\n&#13;<br \/>\n&#13;<br \/>\n&#13;<br \/>\n&#13;<br \/>\n&#13;<br \/>\n&#13;<br \/>\n&#13;<br \/>\n<a href=\"https:\/\/whiplash.net\/materias\/whiplash\/027002.html\" rel=\"nofollow noopener\" target=\"_blank\"><img decoding=\"async\" src=\"https:\/\/www.europesays.com\/pt\/wp-content\/uploads\/2025\/07\/1753993330_622_anunciar_diabo_336x280.gif\" loading=\"lazy\" width=\"336\" height=\"280\" class=\"widthConstrained\" style=\"background-color:#000000;display:block;\" alt=\"Anunciar bandas e shows de Rock e Heavy Metal\"\/><\/a>&#13;<\/p>\n","protected":false},"excerpt":{"rendered":"O Animals as Leaders anunciou o cancelamento dos shows na Am\u00e9rica Latina e Austr\u00e1lia. A agenda inclu\u00eda uma&hellip;\n","protected":false},"author":2,"featured_media":10676,"comment_status":"","ping_status":"","sticky":false,"template":"","format":"standard","meta":{"footnotes":""},"categories":[141],"tags":[114,115,149,150,32,33],"class_list":{"0":"post-10675","1":"post","2":"type-post","3":"status-publish","4":"format-standard","5":"has-post-thumbnail","7":"category-musica","8":"tag-entertainment","9":"tag-entretenimento","10":"tag-music","11":"tag-musica","12":"tag-portugal","13":"tag-pt"},"share_on_mastodon":{"url":"","error":""},"_links":{"self":[{"href":"https:\/\/www.europesays.com\/pt\/wp-json\/wp\/v2\/posts\/10675","targetHints":{"allow":["GET"]}}],"collection":[{"href":"https:\/\/www.europesays.com\/pt\/wp-json\/wp\/v2\/posts"}],"about":[{"href":"https:\/\/www.europesays.com\/pt\/wp-json\/wp\/v2\/types\/post"}],"author":[{"embeddable":true,"href":"https:\/\/www.europesays.com\/pt\/wp-json\/wp\/v2\/users\/2"}],"replies":[{"embeddable":true,"href":"https:\/\/www.europesays.com\/pt\/wp-json\/wp\/v2\/comments?post=10675"}],"version-history":[{"count":0,"href":"https:\/\/www.europesays.com\/pt\/wp-json\/wp\/v2\/posts\/10675\/revisions"}],"wp:featuredmedia":[{"embeddable":true,"href":"https:\/\/www.europesays.com\/pt\/wp-json\/wp\/v2\/media\/10676"}],"wp:attachment":[{"href":"https:\/\/www.europesays.com\/pt\/wp-json\/wp\/v2\/media?parent=10675"}],"wp:term":[{"taxonomy":"category","embeddable":true,"href":"https:\/\/www.europesays.com\/pt\/wp-json\/wp\/v2\/categories?post=10675"},{"taxonomy":"post_tag","embeddable":true,"href":"https:\/\/www.europesays.com\/pt\/wp-json\/wp\/v2\/tags?post=10675"}],"curies":[{"name":"wp","href":"https:\/\/api.w.org\/{rel}","templated":true}]}}