{"id":106754,"date":"2025-10-11T19:56:15","date_gmt":"2025-10-11T19:56:15","guid":{"rendered":"https:\/\/www.europesays.com\/pt\/106754\/"},"modified":"2025-10-11T19:56:15","modified_gmt":"2025-10-11T19:56:15","slug":"numero-de-mortos-em-ataque-rebelde-em-al-fashir-na-sudao-sobe-para-60","status":"publish","type":"post","link":"https:\/\/www.europesays.com\/pt\/106754\/","title":{"rendered":"N\u00famero de mortos em ataque rebelde em al-Fashir, na Sud\u00e3o, sobe para 60"},"content":{"rendered":"<p>Segundo a Coordena\u00e7\u00e3o dos Comit\u00e9s de Resist\u00eancia, um grupo civil que documenta as atrocidades do conflito, paramilitares das For\u00e7as de Apoio R\u00e1pido (RSF, na sigla inglesa), em guerra com o ex\u00e9rcito, realizaram um ataque com drones ao centro de deslocados de Dar al-Arqam, localizado numa universidade.<\/p>\n<p>Segundo a institui\u00e7\u00e3o, as RSF realizaram dois ataques com drones e dispararam oito proj\u00e9teis contra o centro de deslocados de Dar al-Arqam, localizado em uma universidade, matando 60 pessoas. <\/p>\n<p>Os corpos permaneceram presos em abrigos subterr\u00e2neos, acrescentou a mesma fonte num comunicado, em que descreve o ataque como um &#8220;massacre&#8221;.<\/p>\n<p>&#8220;Crian\u00e7as, mulheres e idosos foram mortos a sangue-frio e muitos deles ficaram completamente carbonizados&#8221;, acrescenta o texto, lamentando que &#8220;o mundo permane\u00e7a em sil\u00eancio&#8221;.<\/p>\n<p>Sexta-feira, em Genebra, o Alto-Comiss\u00e1rio das Na\u00e7\u00f5es Unidas para os Direitos Humanos, Volker Turk, denunciou os recentes massacres de dezenas de civis na cidade de al-Fashir, incluindo execu\u00e7\u00f5es sum\u00e1rias de car\u00e1ter \u00e9tnico.<\/p>\n<p>&#8220;Apesar dos repetidos apelos, incluindo os meus, exigindo prote\u00e7\u00e3o especial aos civis, eles [os paramilitares das FAR] continuam a matar, ferir e deslocar civis, bem como a atacar bens civis, incluindo abrigos para deslocados internos, hospitais e mesquitas, em total desrespeito pelo direito internacional&#8221;, alertou Turk, acrescentando que o conflito &#8220;tem de parar&#8221;.<\/p>\n<p>As RSF, em guerra desde abril de 2023 contra o ex\u00e9rcito sudan\u00eas, est\u00e3o atualmente a conduzir uma ofensiva feroz contra al-Fashir, a \u00faltima cidade da vasta regi\u00e3o ocidental de Darfur ainda sob o controlo do ex\u00e9rcito regular.<\/p>\n<p>A atual ofensiva das RSF contra a cidade estrat\u00e9gica \u00e9 a mais violenta desde o in\u00edcio da guerra com o ex\u00e9rcito.<\/p>\n<p>Turk exortou os pa\u00edses pr\u00f3ximos dos beligerantes sudaneses a &#8220;tomarem medidas urgentes para proteger os civis e impedir novas atrocidades em al-Fashir e em todo o Darfur&#8221;.<\/p>\n<p>O comiss\u00e1rio apelou tamb\u00e9m a todas as partes envolvidas no conflito para que aprendam com a condena\u00e7\u00e3o, esta semana, pelo Tribunal Penal Internacional (TPI), de um l\u00edder miliciano sudan\u00eas por crimes de guerra e crimes contra a humanidade cometidos h\u00e1 mais de 20 anos.<\/p>\n<p>Turk, ap\u00f3s o veredicto proferido na segunda-feira pelo TPI contra Ali Muhammad Ali Abd-Al-Rahman, declarou que este deveria servir como &#8220;um novo lembrete aos autores dos crimes de hoje de que n\u00e3o pode haver impunidade para crimes em grande escala cometidos contra civis&#8221;.<\/p>\n<p>A guerra, iniciada em 15 de abril de 2023, j\u00e1 matou dezenas de milhares de pessoas e deslocou mais de 14 milh\u00f5es, dentro e fora das fronteiras.<\/p>\n<p>O conflito mergulhou o terceiro maior pa\u00eds de \u00c1frica na &#8220;pior crise humanit\u00e1ria do mundo&#8221;, segundo a ONU. Todas as tentativas de di\u00e1logo fracassaram at\u00e9 agora.<\/p>\n<p>Leia Tamb\u00e9m: <a href=\"https:\/\/www.noticiasaominuto.com\/mundo\/2868844\/sudao-30-mortos-em-ataque-com-drones-de-rebeldes-em-al-fashir\" target=\"_blank\" rel=\"noreferrer noopener nofollow\">Sud\u00e3o: 30 mortos em ataque com drones de rebeldes em al-Fashir<\/a><\/p>\n","protected":false},"excerpt":{"rendered":"Segundo a Coordena\u00e7\u00e3o dos Comit\u00e9s de Resist\u00eancia, um grupo civil que documenta as atrocidades do conflito, paramilitares das&hellip;\n","protected":false},"author":2,"featured_media":106755,"comment_status":"","ping_status":"","sticky":false,"template":"","format":"standard","meta":{"footnotes":""},"categories":[50],"tags":[27,28,15,16,14,25,26,21,22,62,12,13,19,20,23,24,17,18,29,30,31,63,64,65],"class_list":{"0":"post-106754","1":"post","2":"type-post","3":"status-publish","4":"format-standard","5":"has-post-thumbnail","7":"category-mundo","8":"tag-breaking-news","9":"tag-breakingnews","10":"tag-featured-news","11":"tag-featurednews","12":"tag-headlines","13":"tag-latest-news","14":"tag-latestnews","15":"tag-main-news","16":"tag-mainnews","17":"tag-mundo","18":"tag-news","19":"tag-noticias","20":"tag-noticias-principais","21":"tag-noticiasprincipais","22":"tag-principais-noticias","23":"tag-principaisnoticias","24":"tag-top-stories","25":"tag-topstories","26":"tag-ultimas","27":"tag-ultimas-noticias","28":"tag-ultimasnoticias","29":"tag-world","30":"tag-world-news","31":"tag-worldnews"},"share_on_mastodon":{"url":"","error":""},"_links":{"self":[{"href":"https:\/\/www.europesays.com\/pt\/wp-json\/wp\/v2\/posts\/106754","targetHints":{"allow":["GET"]}}],"collection":[{"href":"https:\/\/www.europesays.com\/pt\/wp-json\/wp\/v2\/posts"}],"about":[{"href":"https:\/\/www.europesays.com\/pt\/wp-json\/wp\/v2\/types\/post"}],"author":[{"embeddable":true,"href":"https:\/\/www.europesays.com\/pt\/wp-json\/wp\/v2\/users\/2"}],"replies":[{"embeddable":true,"href":"https:\/\/www.europesays.com\/pt\/wp-json\/wp\/v2\/comments?post=106754"}],"version-history":[{"count":0,"href":"https:\/\/www.europesays.com\/pt\/wp-json\/wp\/v2\/posts\/106754\/revisions"}],"wp:featuredmedia":[{"embeddable":true,"href":"https:\/\/www.europesays.com\/pt\/wp-json\/wp\/v2\/media\/106755"}],"wp:attachment":[{"href":"https:\/\/www.europesays.com\/pt\/wp-json\/wp\/v2\/media?parent=106754"}],"wp:term":[{"taxonomy":"category","embeddable":true,"href":"https:\/\/www.europesays.com\/pt\/wp-json\/wp\/v2\/categories?post=106754"},{"taxonomy":"post_tag","embeddable":true,"href":"https:\/\/www.europesays.com\/pt\/wp-json\/wp\/v2\/tags?post=106754"}],"curies":[{"name":"wp","href":"https:\/\/api.w.org\/{rel}","templated":true}]}}