{"id":106756,"date":"2025-10-11T19:57:08","date_gmt":"2025-10-11T19:57:08","guid":{"rendered":"https:\/\/www.europesays.com\/pt\/106756\/"},"modified":"2025-10-11T19:57:08","modified_gmt":"2025-10-11T19:57:08","slug":"presidente-da-republica-destaca-importancia-das-eleicoes-autarquicas-e-apela-ao-voto","status":"publish","type":"post","link":"https:\/\/www.europesays.com\/pt\/106756\/","title":{"rendered":"Presidente da Rep\u00fablica destaca import\u00e2ncia das elei\u00e7\u00f5es aut\u00e1rquicas e apela ao voto"},"content":{"rendered":"<p>&#13;<br \/>\n(em atualiza\u00e7\u00e3o)\u00a0&#13;\n<\/p>\n<p>&#13;<br \/>\nO presidente da Rep\u00fablica, que termina em janeiro o seu segundo mandato em Bel\u00e9m, lembrou que &#8220;amanh\u00e3 \u00e9 dia de voto&#8221; para as autarquias, &#8220;a cidadania, a democracia da maior proximidade, a funcionar&#8221;.&#13;\n<\/p>\n<p>&#13;<br \/>\nA partir do Pal\u00e1cio de Bel\u00e9m, Marcelo sublinhou que nunca houve tantas listas a concorrer aos v\u00e1rios org\u00e3os aut\u00e1rquicos, e a proximidade dos atos eleitorais, legislativos, aut\u00e1rquicos e presidenciais num ano, &#8220;como em 1976, 1979 e 1980&#8221;, no &#8220;in\u00edcio da democracia&#8221;.&#13;\n<\/p>\n<p>&#13;<br \/>\nO presidente aplaudiu a campanha &#8220;pac\u00edfica e civilizada&#8221; das \u00faltimas duas semanas, focada mais nos temas locais.&#13;\n<\/p>\n<p>&#13;<br \/>\n&#8220;Fica evidente e <b>esta \u00e9 uma raz\u00e3o adicional para o voto de amanh\u00e3, que os pr\u00f3ximos quatro anos ser\u00e3o decisivos para os dinheiros de Bruxelas<\/b>&#8220;, lembrou, do PRR, do qual falta fazer chegar mais de 13 mil milh\u00f5es aos benefici\u00e1rios finais&#8221;, e do Portugal 2030, &#8220;mais 23 mil milh\u00f5es&#8221;.&#13;\n<\/p>\n<p>          <img decoding=\"async\" itemprop=\"image\" class=\"img-fluid\"   src=\"https:\/\/www.europesays.com\/pt\/wp-content\/uploads\/2025\/10\/b1ddde232b7953ff806302b4ff481f1e_N.jpg\"\/><\/p>\n<p><\/p>\n<p>&#13;<br \/>\n&#8220;Boa parte destes elevad\u00edssimos recursos passar\u00e1 pelo poder local&#8221;, sublinhou Marcelo.&#13;\n<\/p>\n<p>&#8220;Numa palavra, votar amanh\u00e3 n\u00e3o \u00e9 s\u00f3 votar naquelas e naqueles que de facto melhor conhecemos, \u00e9 ao mesmo tempo <b>votar para apliquem milh\u00f5es que n\u00e3o voltam mais&#8221;, referiu o presidente, num apelo \u00e0 responsabilidade<\/b> dos eleitores.<\/p>\n<p>Marcelo considerou tamb\u00e9m que, n\u00e3o votar \u00e9 renunciar a participar na resolu\u00e7\u00e3o de problemas &#8220;concretos, da nossa vida&#8221;, como &#8220;unidades de sa\u00fadem escolas, habita\u00e7\u00e3o, transportes, seguran\u00e7a, caminhos, estradas, ambiente&#8221;.<\/p>\n<p>&#8220;<b>Neste ano, 2025, n\u00e3o votar \u00e9 renunciar a uma oportunidade \u00fanica de beneficiar de uma situa\u00e7\u00e3o financeira que \u00e9 irrepet\u00edvel<\/b>&#8220;, justificou o presidente.<\/p>\n<p>&#8220;Eu garanto-vos uma coisa, sem poder local forte tudo o mais \u00e9 como um edif\u00edcio sem alicerces, uma \u00e1rvores sem ra\u00edzes, um poder com menos poder, ou mesmo sem poder nehum de base, essencial para a democracia&#8221;, referiu tamb\u00e9m, lembrando a sua experi\u00eancia enquanto &#8220;autarca durante 19 anos&#8221;.<\/p>\n<p>&#8220;Por isso vos dirijo este apelo insistente, <b>amanh\u00e3 votem, por voc\u00eas pr\u00f3prios, pelas vossas fam\u00edlias, pelas vossas comunidades, pelo vosso futuro<\/b>&#8220;, apelou.<\/p>\n<p>&#8220;No fundo, votem por Portugal, que sois todos v\u00f3s&#8221;, concluiu Marcelo Rebelo de Sousa.&#13;<\/p>\n","protected":false},"excerpt":{"rendered":"&#13; (em atualiza\u00e7\u00e3o)\u00a0&#13; &#13; O presidente da Rep\u00fablica, que termina em janeiro o seu segundo mandato em Bel\u00e9m,&hellip;\n","protected":false},"author":2,"featured_media":106757,"comment_status":"","ping_status":"","sticky":false,"template":"","format":"standard","meta":{"footnotes":""},"categories":[10],"tags":[2431,27,28,15,16,14,25,26,21,22,588,12,13,19,20,32,23,24,33,17,18,29,30,31],"class_list":{"0":"post-106756","1":"post","2":"type-post","3":"status-publish","4":"format-standard","5":"has-post-thumbnail","7":"category-portugal","8":"tag-autarquicas-2025","9":"tag-breaking-news","10":"tag-breakingnews","11":"tag-featured-news","12":"tag-featurednews","13":"tag-headlines","14":"tag-latest-news","15":"tag-latestnews","16":"tag-main-news","17":"tag-mainnews","18":"tag-marcelo-rebelo-de-sousa","19":"tag-news","20":"tag-noticias","21":"tag-noticias-principais","22":"tag-noticiasprincipais","23":"tag-portugal","24":"tag-principais-noticias","25":"tag-principaisnoticias","26":"tag-pt","27":"tag-top-stories","28":"tag-topstories","29":"tag-ultimas","30":"tag-ultimas-noticias","31":"tag-ultimasnoticias"},"share_on_mastodon":{"url":"","error":""},"_links":{"self":[{"href":"https:\/\/www.europesays.com\/pt\/wp-json\/wp\/v2\/posts\/106756","targetHints":{"allow":["GET"]}}],"collection":[{"href":"https:\/\/www.europesays.com\/pt\/wp-json\/wp\/v2\/posts"}],"about":[{"href":"https:\/\/www.europesays.com\/pt\/wp-json\/wp\/v2\/types\/post"}],"author":[{"embeddable":true,"href":"https:\/\/www.europesays.com\/pt\/wp-json\/wp\/v2\/users\/2"}],"replies":[{"embeddable":true,"href":"https:\/\/www.europesays.com\/pt\/wp-json\/wp\/v2\/comments?post=106756"}],"version-history":[{"count":0,"href":"https:\/\/www.europesays.com\/pt\/wp-json\/wp\/v2\/posts\/106756\/revisions"}],"wp:featuredmedia":[{"embeddable":true,"href":"https:\/\/www.europesays.com\/pt\/wp-json\/wp\/v2\/media\/106757"}],"wp:attachment":[{"href":"https:\/\/www.europesays.com\/pt\/wp-json\/wp\/v2\/media?parent=106756"}],"wp:term":[{"taxonomy":"category","embeddable":true,"href":"https:\/\/www.europesays.com\/pt\/wp-json\/wp\/v2\/categories?post=106756"},{"taxonomy":"post_tag","embeddable":true,"href":"https:\/\/www.europesays.com\/pt\/wp-json\/wp\/v2\/tags?post=106756"}],"curies":[{"name":"wp","href":"https:\/\/api.w.org\/{rel}","templated":true}]}}