{"id":106758,"date":"2025-10-11T19:58:09","date_gmt":"2025-10-11T19:58:09","guid":{"rendered":"https:\/\/www.europesays.com\/pt\/106758\/"},"modified":"2025-10-11T19:58:09","modified_gmt":"2025-10-11T19:58:09","slug":"lesao-de-sudakov-ja-e-conhecida","status":"publish","type":"post","link":"https:\/\/www.europesays.com\/pt\/106758\/","title":{"rendered":"Les\u00e3o de Sudakov j\u00e1 \u00e9 conhecida"},"content":{"rendered":"<p>A extens\u00e3o da les\u00e3o sofrida por <a target=\"_blank\" class=\"editor-link autolink-enabled\" href=\"https:\/\/www.abola.pt\/futebol\/jogador\/heorhii-sudakov-228169\" data-resource-id=\"228169\" data-resource-type=\"player\" data-sport=\"football\" rel=\"nofollow noopener\">Heorhii Sudakov<\/a> ao servi\u00e7o da selec\u00e7\u00e3o ucraniana \u00e9 j\u00e1 conhecida, ap\u00f3s o criativo ter sido reavaliado pelo departamento m\u00e9dico do Benfica Os exames complementares realizados pelo jovem de 23 anos, j\u00e1 em Portugal, revelaram um traumatismo no ombro esquerdo com entorse acromioclavicular ligeira.<\/p>\n<p>O internacional ucraniano est\u00e1 em d\u00favida para a desloca\u00e7\u00e3o a <a target=\"_blank\" class=\"editor-link autolink-enabled\" href=\"https:\/\/www.abola.pt\/futebol\/chaves-469\" data-resource-id=\"469\" data-resource-type=\"team\" data-sport=\"football\" rel=\"nofollow noopener\">Chaves<\/a>, agendada para 17 de Outubro. O duelo da 3.\u00aa eliminat\u00f3ria da <a target=\"_blank\" class=\"editor-link autolink-enabled\" href=\"https:\/\/www.abola.pt\/futebol\/competicao\/taca-de-portugal-112\" data-resource-id=\"112\" data-resource-type=\"competition\" data-sport=\"football\" rel=\"nofollow noopener\">Ta\u00e7a de Portugal<\/a> marca o regresso dos comandados de Jos\u00e9 Mourinho \u00e0 competi\u00e7\u00e3o de clubes, a paragem para os compromissos das sele\u00e7\u00f5es. Quatro dias depois da visita a Tr\u00e1s-os-Montes, o Benfica joga uma cartada importante para as contas da UEFA Champions League em Newcastle, na terceira jornada da fase de liga.<\/p>\n<p>Sudakov foi dispensado da sele\u00e7\u00e3o ucraniana este s\u00e1bado, ap\u00f3s ter sido substitu\u00eddo aos 39&#8242; no duelo entre Ucr\u00e2nia e Isl\u00e2ndia, a contar para a terceira jornada do Grupo D da qualifica\u00e7\u00e3o europeia para o Mundial 2026. O criativo de 23 anos publicou, horas depois do final da partida, uma fotografia com o bra\u00e7o esquerdo imobilizado.<\/p>\n<p>Sudakov relevou posteriormente nas redes sociais que n\u00e3o estaria dispon\u00edvel para o duelo entre a Ucr\u00e2nia e o Azerbaij\u00e3o, agendado para segunda-fera. As imagens publicadas pelo criativo, aliadas \u00e0s declara\u00e7\u00f5es do selecionador ucraniano Serhiy Rebron, que revelou que o criativo \u00abestava com muitas dores\u00bb preocuparam os benfiquistas, mas os exames complementares descartaram uma les\u00e3o mais grave. <\/p>\n<p>Sudakov tem sido uma pe\u00e7a fundamental no puzzle de Jos\u00e9 Mourinho. O criativo ucraniano foi sempre titular sob a batuta do t\u00e9cnico luso e nunca disputou menos de 75&#8242; por partida.<\/p>\n<p><a target=\"_blank\" class=\"editor-link\" href=\"https:\/\/profile.google.com\/cp\/CgkvbS8wNWNjOHQ?pf=0\" rel=\"nofollow noopener\">Siga o perfil de A BOLA no Google<\/a><\/p>\n<p>Not\u00edcia atualizada \u00e0s 20h36<\/p>\n","protected":false},"excerpt":{"rendered":"A extens\u00e3o da les\u00e3o sofrida por Heorhii Sudakov ao servi\u00e7o da selec\u00e7\u00e3o ucraniana \u00e9 j\u00e1 conhecida, ap\u00f3s o&hellip;\n","protected":false},"author":2,"featured_media":106759,"comment_status":"","ping_status":"","sticky":false,"template":"","format":"standard","meta":{"footnotes":""},"categories":[8],"tags":[27,28,15,16,14,25,26,21,22,12,13,19,20,32,23,24,33,17,18,29,30,31],"class_list":{"0":"post-106758","1":"post","2":"type-post","3":"status-publish","4":"format-standard","5":"has-post-thumbnail","7":"category-principais-noticias","8":"tag-breaking-news","9":"tag-breakingnews","10":"tag-featured-news","11":"tag-featurednews","12":"tag-headlines","13":"tag-latest-news","14":"tag-latestnews","15":"tag-main-news","16":"tag-mainnews","17":"tag-news","18":"tag-noticias","19":"tag-noticias-principais","20":"tag-noticiasprincipais","21":"tag-portugal","22":"tag-principais-noticias","23":"tag-principaisnoticias","24":"tag-pt","25":"tag-top-stories","26":"tag-topstories","27":"tag-ultimas","28":"tag-ultimas-noticias","29":"tag-ultimasnoticias"},"share_on_mastodon":{"url":"","error":""},"_links":{"self":[{"href":"https:\/\/www.europesays.com\/pt\/wp-json\/wp\/v2\/posts\/106758","targetHints":{"allow":["GET"]}}],"collection":[{"href":"https:\/\/www.europesays.com\/pt\/wp-json\/wp\/v2\/posts"}],"about":[{"href":"https:\/\/www.europesays.com\/pt\/wp-json\/wp\/v2\/types\/post"}],"author":[{"embeddable":true,"href":"https:\/\/www.europesays.com\/pt\/wp-json\/wp\/v2\/users\/2"}],"replies":[{"embeddable":true,"href":"https:\/\/www.europesays.com\/pt\/wp-json\/wp\/v2\/comments?post=106758"}],"version-history":[{"count":0,"href":"https:\/\/www.europesays.com\/pt\/wp-json\/wp\/v2\/posts\/106758\/revisions"}],"wp:featuredmedia":[{"embeddable":true,"href":"https:\/\/www.europesays.com\/pt\/wp-json\/wp\/v2\/media\/106759"}],"wp:attachment":[{"href":"https:\/\/www.europesays.com\/pt\/wp-json\/wp\/v2\/media?parent=106758"}],"wp:term":[{"taxonomy":"category","embeddable":true,"href":"https:\/\/www.europesays.com\/pt\/wp-json\/wp\/v2\/categories?post=106758"},{"taxonomy":"post_tag","embeddable":true,"href":"https:\/\/www.europesays.com\/pt\/wp-json\/wp\/v2\/tags?post=106758"}],"curies":[{"name":"wp","href":"https:\/\/api.w.org\/{rel}","templated":true}]}}