{"id":106762,"date":"2025-10-11T20:07:09","date_gmt":"2025-10-11T20:07:09","guid":{"rendered":"https:\/\/www.europesays.com\/pt\/106762\/"},"modified":"2025-10-11T20:07:09","modified_gmt":"2025-10-11T20:07:09","slug":"paolla-oliveira-fica-morena-apos-adeus-a-heleninha-veja-mais-mudancas-de-atores-de-vale-tudo","status":"publish","type":"post","link":"https:\/\/www.europesays.com\/pt\/106762\/","title":{"rendered":"Paolla Oliveira fica morena ap\u00f3s adeus a Heleninha; veja mais mudan\u00e7as de atores de &#8216;Vale tudo&#8217;"},"content":{"rendered":"\n<p class=\" content-text__container theme-color-primary-first-letter\" data-track-category=\"Link no Texto\" data-track-links=\"\"> Ningu\u00e9m sabe se Heleninha matou ou n\u00e3o Odete Roitman, mas <a class=\"\" href=\"https:\/\/oglobo.globo.com\/tudo-sobre\/personalidade\/paolla-oliveira\" rel=\"nofollow noopener\" target=\"_blank\">Paolla Oliveira<\/a>, int\u00e9rprete da filha da vil\u00e3 de &#8220;<a class=\"\" href=\"https:\/\/oglobo.globo.com\/tudo-sobre\/novela\/vale-tudo\" rel=\"nofollow noopener\" target=\"_blank\">Vale tudo<\/a>&#8220;, j\u00e1 se despediu totalmente da personagem. Nas redes sociais, a atriz mostrou o novo visual p\u00f3s-novela das 21h da TV Globo. Num v\u00eddeo patrocinado por uma marca de produtos de cabelo, ela mostrou a transforma\u00e7\u00f5es dos fios louros e ondulados para morenos e lisos. <\/p>\n<ul class=\"content-unordered-list\">\n<li><strong>Copacabana Palace se pronuncia<\/strong> <a class=\"\" href=\"https:\/\/oglobo.globo.com\/cultura\/noticia\/2025\/10\/11\/copacabana-palace-se-pronuncia-apos-morte-de-odete-roitman-colaborando-com-a-policia-ficticia.ghtml\" rel=\"nofollow noopener\" target=\"_blank\">ap\u00f3s morte de Odete Roitman: &#8216;Colaborando com a pol\u00edcia fict\u00edcia&#8217;<\/a><\/li>\n<li><strong>&#8216;Indispens\u00e1vel&#8217;:<\/strong> <a class=\"\" href=\"https:\/\/oglobo.globo.com\/cultura\/noticia\/2025\/10\/10\/oab-se-manifesta-sobre-vale-tudo-apos-cenas-com-depoimentos-de-suspeitos-de-matar-odete-roitman.ghtml\" rel=\"nofollow noopener\" target=\"_blank\">OAB alerta suspeitos de morte de Odete Roitman ap\u00f3s depoimentos sem advogados<\/a><\/li>\n<\/ul>\n<p class=\" content-text__container \" data-track-category=\"Link no Texto\" data-track-links=\"\"> &#8220;Passou tudo t\u00e3o r\u00e1pido&#8221;, ela diz no v\u00eddeo. <\/p>\n<p class=\" content-text__container \" data-track-category=\"Link no Texto\" data-track-links=\"\"> No s\u00e1bado, a atriz tamb\u00e9m apareceu com o novo visual no casamento da diretora do canal TV Globo, Leonora Bardini, e da diretora art\u00edstica Antonia Prado, no Uruguai, ao lado do namorado Diogo Nogueira, e da atriz Ta\u00eds Araujo e da apresentadora Sabrina Sato. <\/p>\n<p class=\" content-text__container \" data-track-category=\"Link no Texto\" data-track-links=\"\"> <a class=\"\" href=\"https:\/\/oglobo.globo.com\/cultura\/noticia\/2025\/10\/07\/tais-araujo-e-bella-campos-de-trancas-e-malu-galli-sem-nem-cortar-cabelo-o-visual-do-elenco-apos-vale-tudo.ghtml\" rel=\"nofollow noopener\" target=\"_blank\">Paolla n\u00e3o foi a \u00fanica a se despedir de sua personagem de &#8220;Vale tudo&#8221;<\/a>. Ta\u00eds Araujo, que viveu Raquel na vers\u00e3o de Manuela Dias para o cl\u00e1ssico de Gilberto Braga, Aguinaldo Silva e Leonor Bass\u00e8res, adoto longas tran\u00e7as que exibem ainda algumas mechas douradas. Para a novela, ela tinha os cabelos cacheados e naturais. <\/p>\n<p class=\" content-text__container \" data-track-category=\"Link no Texto\" data-track-links=\"\"> O exemplo da atriz foi seguido por Bella Campos, que tamb\u00e9m j\u00e1 exibiu as suas tran\u00e7as nas redes sociais. Int\u00e9rprete de Maria de F\u00e1tima \u2014 a filha ambiciosa de Raquel \u2014, ela aparecia no folhetim com os cabelos soltos, em corte curto e com ondula\u00e7\u00f5es. <\/p>\n<p class=\" content-text__container \" data-track-category=\"Link no Texto\" data-track-links=\"\"> Mas quando o assunto \u00e9 cabelo, uma das atrizes do elenco n\u00e3o poder\u00e1 pensar em uma mudan\u00e7a t\u00e3o cedo. Malu Galli, que deu vida \u00e0 tia Celina, continua com os cabelos curtos. \u201cTu fica sem saber o que fazer, fica perdida (\u2026) N\u00e3o posso nem cortar o cabelo\u201d, brincou a artista em uma conversa descontra\u00edda com Jo\u00e3o Vicente de Castro (Renato, na trama). <\/p>\n<p class=\" content-text__container \" data-track-category=\"Link no Texto\" data-track-links=\"\"> J\u00e1 Cau\u00e3 Reymond aproveitou o come\u00e7o das f\u00e9rias para descansar de tanta do C\u00e9sar, que ele vinha mantendo desde o in\u00edcio da trama. <\/p>\n","protected":false},"excerpt":{"rendered":"Ningu\u00e9m sabe se Heleninha matou ou n\u00e3o Odete Roitman, mas Paolla Oliveira, int\u00e9rprete da filha da vil\u00e3 de&hellip;\n","protected":false},"author":2,"featured_media":106763,"comment_status":"","ping_status":"","sticky":false,"template":"","format":"standard","meta":{"footnotes":""},"categories":[142],"tags":[114,115,2927,32,33,151,2323,2154],"class_list":{"0":"post-106762","1":"post","2":"type-post","3":"status-publish","4":"format-standard","5":"has-post-thumbnail","7":"category-tv","8":"tag-entertainment","9":"tag-entretenimento","10":"tag-paolla-oliveira","11":"tag-portugal","12":"tag-pt","13":"tag-tv","14":"tag-tv-globo","15":"tag-vale-tudo"},"share_on_mastodon":{"url":"","error":""},"_links":{"self":[{"href":"https:\/\/www.europesays.com\/pt\/wp-json\/wp\/v2\/posts\/106762","targetHints":{"allow":["GET"]}}],"collection":[{"href":"https:\/\/www.europesays.com\/pt\/wp-json\/wp\/v2\/posts"}],"about":[{"href":"https:\/\/www.europesays.com\/pt\/wp-json\/wp\/v2\/types\/post"}],"author":[{"embeddable":true,"href":"https:\/\/www.europesays.com\/pt\/wp-json\/wp\/v2\/users\/2"}],"replies":[{"embeddable":true,"href":"https:\/\/www.europesays.com\/pt\/wp-json\/wp\/v2\/comments?post=106762"}],"version-history":[{"count":0,"href":"https:\/\/www.europesays.com\/pt\/wp-json\/wp\/v2\/posts\/106762\/revisions"}],"wp:featuredmedia":[{"embeddable":true,"href":"https:\/\/www.europesays.com\/pt\/wp-json\/wp\/v2\/media\/106763"}],"wp:attachment":[{"href":"https:\/\/www.europesays.com\/pt\/wp-json\/wp\/v2\/media?parent=106762"}],"wp:term":[{"taxonomy":"category","embeddable":true,"href":"https:\/\/www.europesays.com\/pt\/wp-json\/wp\/v2\/categories?post=106762"},{"taxonomy":"post_tag","embeddable":true,"href":"https:\/\/www.europesays.com\/pt\/wp-json\/wp\/v2\/tags?post=106762"}],"curies":[{"name":"wp","href":"https:\/\/api.w.org\/{rel}","templated":true}]}}