{"id":106803,"date":"2025-10-11T20:46:29","date_gmt":"2025-10-11T20:46:29","guid":{"rendered":"https:\/\/www.europesays.com\/pt\/106803\/"},"modified":"2025-10-11T20:46:29","modified_gmt":"2025-10-11T20:46:29","slug":"prepare-se-para-um-inverno-mais-quente-do-que-o-habitual-indica-ipma","status":"publish","type":"post","link":"https:\/\/www.europesays.com\/pt\/106803\/","title":{"rendered":"prepare-se para um inverno mais quente do que o habitual, indica IPMA"},"content":{"rendered":"<p>Mais sol, pouca chuva. Esta \u00e9 a conclus\u00e3o da previs\u00e3o para os pr\u00f3ximos tr\u00eas meses do Instituto Portugu\u00eas do Mar e da Atmosfera (IPMA), que indicou que at\u00e9 ao final do ano as temperaturas m\u00e9dias mensais do ar v\u00e3o apresentar uma anomalia positiva, o que equivale dizer que vai estar mais quente do que o habitual.<\/p>\n<p>Assim, indicou o IPMA, \u201cpara os meses de outubro e novembro a anomalia \u00e9 0.5 a 1.0 \u00b0C, diminuindo para 0.25 a 0.5 \u00b0C no m\u00eas de dezembro\u201d tanto para Portugal continental como para os arquip\u00e9lagos. \u201cPara a Madeira a anomalia prevista \u00e9 de 0.25 a 0.5 \u00b0C nos tr\u00eas meses de previs\u00e3o e sobre os A\u00e7ores a anomalia \u00e9 0.25 a 0.5 \u00b0C nos meses de outubro e novembro, aumentando para 0.5 a 1.0 \u00b0C no m\u00eas de dezembro\u201d, indicaram os meteorologistas.<\/p>\n<p>No que diz respeito \u00e0 precipita\u00e7\u00e3o, o IPMA destacou uma anomalia sem sinal significativo. \u201cNa precipita\u00e7\u00e3o total mensal, a previs\u00e3o \u00e9 de anomalia negativa para os meses de novembro e dezembro, -10 a -5 mm, para as regi\u00f5es Norte e Centro\u201d, indicaram, lembrando que \u201cpara o m\u00eas de outubro n\u00e3o existe sinal significativo sobre Portugal continental\u201d.<\/p>\n<p>\u201cPara os arquip\u00e9lagos da Madeira e dos A\u00e7ores n\u00e3o \u00e9 poss\u00edvel identificar a exist\u00eancia de sinal estatisticamente significativo em todo o per\u00edodo abrangido pela previs\u00e3o com exce\u00e7\u00e3o do Grupo Ocidental dos A\u00e7ores no m\u00eas de dezembro para o qual se prev\u00ea anomalia negativa, -10 a -5 mm\u201d, sublinharam.<\/p>\n","protected":false},"excerpt":{"rendered":"Mais sol, pouca chuva. Esta \u00e9 a conclus\u00e3o da previs\u00e3o para os pr\u00f3ximos tr\u00eas meses do Instituto Portugu\u00eas&hellip;\n","protected":false},"author":2,"featured_media":106804,"comment_status":"","ping_status":"","sticky":false,"template":"","format":"standard","meta":{"footnotes":""},"categories":[10],"tags":[27,28,15,16,14,25,26,21,22,12,13,19,20,32,23,24,33,17,18,29,30,31],"class_list":{"0":"post-106803","1":"post","2":"type-post","3":"status-publish","4":"format-standard","5":"has-post-thumbnail","7":"category-portugal","8":"tag-breaking-news","9":"tag-breakingnews","10":"tag-featured-news","11":"tag-featurednews","12":"tag-headlines","13":"tag-latest-news","14":"tag-latestnews","15":"tag-main-news","16":"tag-mainnews","17":"tag-news","18":"tag-noticias","19":"tag-noticias-principais","20":"tag-noticiasprincipais","21":"tag-portugal","22":"tag-principais-noticias","23":"tag-principaisnoticias","24":"tag-pt","25":"tag-top-stories","26":"tag-topstories","27":"tag-ultimas","28":"tag-ultimas-noticias","29":"tag-ultimasnoticias"},"share_on_mastodon":{"url":"","error":""},"_links":{"self":[{"href":"https:\/\/www.europesays.com\/pt\/wp-json\/wp\/v2\/posts\/106803","targetHints":{"allow":["GET"]}}],"collection":[{"href":"https:\/\/www.europesays.com\/pt\/wp-json\/wp\/v2\/posts"}],"about":[{"href":"https:\/\/www.europesays.com\/pt\/wp-json\/wp\/v2\/types\/post"}],"author":[{"embeddable":true,"href":"https:\/\/www.europesays.com\/pt\/wp-json\/wp\/v2\/users\/2"}],"replies":[{"embeddable":true,"href":"https:\/\/www.europesays.com\/pt\/wp-json\/wp\/v2\/comments?post=106803"}],"version-history":[{"count":0,"href":"https:\/\/www.europesays.com\/pt\/wp-json\/wp\/v2\/posts\/106803\/revisions"}],"wp:featuredmedia":[{"embeddable":true,"href":"https:\/\/www.europesays.com\/pt\/wp-json\/wp\/v2\/media\/106804"}],"wp:attachment":[{"href":"https:\/\/www.europesays.com\/pt\/wp-json\/wp\/v2\/media?parent=106803"}],"wp:term":[{"taxonomy":"category","embeddable":true,"href":"https:\/\/www.europesays.com\/pt\/wp-json\/wp\/v2\/categories?post=106803"},{"taxonomy":"post_tag","embeddable":true,"href":"https:\/\/www.europesays.com\/pt\/wp-json\/wp\/v2\/tags?post=106803"}],"curies":[{"name":"wp","href":"https:\/\/api.w.org\/{rel}","templated":true}]}}