{"id":106805,"date":"2025-10-11T20:47:26","date_gmt":"2025-10-11T20:47:26","guid":{"rendered":"https:\/\/www.europesays.com\/pt\/106805\/"},"modified":"2025-10-11T20:47:26","modified_gmt":"2025-10-11T20:47:26","slug":"feito-incrivel-de-trump-zelensky-diz-que-guerra-na-ucrania-pode-acabar","status":"publish","type":"post","link":"https:\/\/www.europesays.com\/pt\/106805\/","title":{"rendered":"&#8220;Feito incr\u00edvel&#8221; de Trump: Zelensky diz que guerra na Ucr\u00e2nia pode acabar"},"content":{"rendered":"<p>O presidente da Ucr\u00e2nia, Volodymyr Zelensky, mostrou-se confiante de que a guerra com a R\u00fassia poder\u00e1 acabar, nomeadamente, depois do acordo fechado entre Israel e o Hamas.<\/p>\n<p>&#8220;Falei com o presidente dos Estados Unidos, Donald Trump &#8211; e foi positivo e produtivo. Parabenizei-o pelo sucesso no acordo do M\u00e9dio Oriente que ele conseguiu garantir, o que \u00e9 um feito incr\u00edvel&#8221;, come\u00e7ou por escrever numa publica\u00e7\u00e3o partilhada na rede social X (antigo Twitter).<\/p>\n<p>&#8220;Se uma guerra pode ser parada numa regi\u00e3o, ent\u00e3o de certeza que outras guerras podem ser paradas tamb\u00e9m &#8211; incluindo a guerra russa&#8221;, considerou.<\/p>\n<p>Depois, Zelensky falou da conversa com Trump, na qual transmitiu ao hom\u00f3logo norte-americano informa\u00e7\u00f5es acerca dos ataques nos sistemas de energia, tendo o l\u00edder norte-americano &#8220;demonstrado vontade&#8221; de apoiar Kyiv.<\/p>\n<blockquote class=\"twitter-tweet\"><p>&#13;<\/p>\n<p dir=\"ltr\" lang=\"en\">I had a call with US President Donald Trump\u2014a very positive and productive one. I congratulated <a href=\"https:\/\/twitter.com\/POTUS?ref_src=twsrc%5Etfw\" rel=\"nofollow noopener\" target=\"_blank\">@POTUS<\/a> on his success and the Middle East deal he was able to secure, which is an outstanding achievement. If a war can be stopped in one region, then surely other wars can be stopped\u2026 <a href=\"https:\/\/t.co\/gDuEANq2e6\" rel=\"nofollow\">pic.twitter.com\/gDuEANq2e6<\/a><\/p>\n<p>&#13;<br \/>\n                                                    \u2014 Volodymyr Zelenskyy \/ \u0412\u043e\u043b\u043e\u0434\u0438\u043c\u0438\u0440 \u0417\u0435\u043b\u0435\u043d\u0441\u044c\u043a\u0438\u0439 (@ZelenskyyUa) <a href=\"https:\/\/twitter.com\/ZelenskyyUa\/status\/1976999698457133555?ref_src=twsrc%5Etfw\" rel=\"nofollow noopener\" target=\"_blank\">October 11, 2025<\/a><\/p><\/blockquote>\n<p>&#8220;Discutimos oportunidades para refor\u00e7ar nossa defesa a\u00e9rea, bem como acordos concretos nos quais estamos a trabalhar para garantir isso. H\u00e1 boas op\u00e7\u00f5es e ideias s\u00f3lidas sobre como realmente nos podemos fortalecer&#8221;, acrescentou.<\/p>\n<p>No fim da publica\u00e7\u00e3o, o chefe de Estado da Ucr\u00e2nia disse ainda que \u00e9 preciso, no entanto, que &#8220;o lado russo esteja pronto para a verdadeira diplomacia&#8221;, o que pode ser &#8220;alcan\u00e7ado pela for\u00e7a&#8221;. &#8220;Obrigada, presidente [Trump]&#8221;, rematou.<\/p>\n<p>Na pr\u00f3xima semana, uma delega\u00e7\u00e3o ucraniana, da qual far\u00e1 parte a primeira-ministra, Ioulia Svyrydenko, deve deslocar-se aos Estados Unidos por forma a discutir eventuais san\u00e7\u00f5es e tamb\u00e9m outras quest\u00f5es relacionadas com a defesa da Ucr\u00e2nia.<\/p>\n<p>A R\u00fassia invadiu a Ucr\u00e2nia a 24 de fevereiro de 2022, com o argumento de proteger as minorias separatistas pr\u00f3-russas no leste e &#8220;desnazificar&#8221; o pa\u00eds vizinho, independente desde 1991 &#8211; ap\u00f3s a desagrega\u00e7\u00e3o da antiga Uni\u00e3o Sovi\u00e9tica &#8211; e que tem vindo a afastar-se do espa\u00e7o de influ\u00eancia de Moscovo e a aproximar-se da Europa e do Ocidente. \u00a0\u00a0<\/p>\n<p>No plano diplom\u00e1tico, a R\u00fassia rejeitou at\u00e9 agora qualquer cessar-fogo prolongado e exige, para p\u00f4r fim ao conflito, que a Ucr\u00e2nia lhe ceda pelo menos quatro regi\u00f5es &#8211; Donetsk, Lugansk, Kherson e Zapor\u00edjia &#8211; al\u00e9m da pen\u00ednsula da Crimeia, anexada em 2014, e renuncie para sempre a aderir \u00e0 NATO (Organiza\u00e7\u00e3o do Tratado do Atl\u00e2ntico Norte, bloco de defesa ocidental). \u00a0<\/p>\n<p>Estas condi\u00e7\u00f5es s\u00e3o consideradas inaceit\u00e1veis pela Ucr\u00e2nia, que, juntamente com os aliados europeus, exige um cessar-fogo incondicional de 30 dias antes de entabular negocia\u00e7\u00f5es de paz com Moscovo. \u00a0<\/p>\n<p>Por seu lado, a R\u00fassia considera que aceitar tal oferta permitiria \u00e0s for\u00e7as ucranianas, em dificuldades na frente de batalha, rearmar-se, gra\u00e7as aos abastecimentos militares ocidentais.<\/p>\n<p>J\u00e1 este s\u00e1bado, a ABC News avan\u00e7ou que as <a href=\"https:\/\/www.noticiasaominuto.com\/mundo\/2868789\/tropas-norte-americanas-ja-chegaram-a-israel-para-vigiar-o-cessar-fogo\" target=\"_blank\" rel=\"noopener nofollow\">tropas norte-americanas que v\u00e3o vigiar o acordo de cessar-fogo entre Israel e o grupo islamita Hamas<\/a> j\u00e1 chegaram \u00e0 regi\u00e3o. Isto acontece no dia seguinte \u00e0 porta-voz da Casa Branca ter confirmado que os EUA iam enviar uma equipa de 200 militares do comando central do ex\u00e9rcito (CENTCOM) para &#8220;supervisionar o acordo de paz&#8221;.<\/p>\n<p>O mesmo meio informa que os soldados enviados para Israel s\u00e3o especializados em transporte, planeamento, log\u00edstica, seguran\u00e7a e engenharia e que dever\u00e3o trabalhar em conjunto com os representantes de outras na\u00e7\u00f5es parceiras, do setor privado e de organiza\u00e7\u00f5es n\u00e3o governamentais.<\/p>\n<p>Leia Tamb\u00e9m: <a href=\"https:\/\/www.noticiasaominuto.com\/mundo\/2867999\/trump-confirma-que-partida-para-medio-oriente-esta-prevista-para-domingo\" target=\"_blank\" rel=\"noopener noreferrer nofollow\">Trump confirma que partida para M\u00e9dio Oriente est\u00e1 prevista para domingo<\/a><\/p>\n<p>                                            <script async src=\"https:\/\/platform.twitter.com\/widgets.js\" charset=\"utf-8\"><\/script><\/p>\n","protected":false},"excerpt":{"rendered":"O presidente da Ucr\u00e2nia, Volodymyr Zelensky, mostrou-se confiante de que a guerra com a R\u00fassia poder\u00e1 acabar, nomeadamente,&hellip;\n","protected":false},"author":2,"featured_media":106806,"comment_status":"","ping_status":"","sticky":false,"template":"","format":"standard","meta":{"footnotes":""},"categories":[8],"tags":[27,28,15,16,14,25,26,21,22,12,13,19,20,32,23,24,33,17,18,29,30,31],"class_list":{"0":"post-106805","1":"post","2":"type-post","3":"status-publish","4":"format-standard","5":"has-post-thumbnail","7":"category-principais-noticias","8":"tag-breaking-news","9":"tag-breakingnews","10":"tag-featured-news","11":"tag-featurednews","12":"tag-headlines","13":"tag-latest-news","14":"tag-latestnews","15":"tag-main-news","16":"tag-mainnews","17":"tag-news","18":"tag-noticias","19":"tag-noticias-principais","20":"tag-noticiasprincipais","21":"tag-portugal","22":"tag-principais-noticias","23":"tag-principaisnoticias","24":"tag-pt","25":"tag-top-stories","26":"tag-topstories","27":"tag-ultimas","28":"tag-ultimas-noticias","29":"tag-ultimasnoticias"},"share_on_mastodon":{"url":"","error":""},"_links":{"self":[{"href":"https:\/\/www.europesays.com\/pt\/wp-json\/wp\/v2\/posts\/106805","targetHints":{"allow":["GET"]}}],"collection":[{"href":"https:\/\/www.europesays.com\/pt\/wp-json\/wp\/v2\/posts"}],"about":[{"href":"https:\/\/www.europesays.com\/pt\/wp-json\/wp\/v2\/types\/post"}],"author":[{"embeddable":true,"href":"https:\/\/www.europesays.com\/pt\/wp-json\/wp\/v2\/users\/2"}],"replies":[{"embeddable":true,"href":"https:\/\/www.europesays.com\/pt\/wp-json\/wp\/v2\/comments?post=106805"}],"version-history":[{"count":0,"href":"https:\/\/www.europesays.com\/pt\/wp-json\/wp\/v2\/posts\/106805\/revisions"}],"wp:featuredmedia":[{"embeddable":true,"href":"https:\/\/www.europesays.com\/pt\/wp-json\/wp\/v2\/media\/106806"}],"wp:attachment":[{"href":"https:\/\/www.europesays.com\/pt\/wp-json\/wp\/v2\/media?parent=106805"}],"wp:term":[{"taxonomy":"category","embeddable":true,"href":"https:\/\/www.europesays.com\/pt\/wp-json\/wp\/v2\/categories?post=106805"},{"taxonomy":"post_tag","embeddable":true,"href":"https:\/\/www.europesays.com\/pt\/wp-json\/wp\/v2\/tags?post=106805"}],"curies":[{"name":"wp","href":"https:\/\/api.w.org\/{rel}","templated":true}]}}