{"id":106811,"date":"2025-10-11T20:54:13","date_gmt":"2025-10-11T20:54:13","guid":{"rendered":"https:\/\/www.europesays.com\/pt\/106811\/"},"modified":"2025-10-11T20:54:13","modified_gmt":"2025-10-11T20:54:13","slug":"fc-porto-vintage-goleia-eslovacos-com-poker-e-bicicleta-de-jackson-martinez","status":"publish","type":"post","link":"https:\/\/www.europesays.com\/pt\/106811\/","title":{"rendered":"FC Porto Vintage goleia eslovacos com \u00abpoker\u00bb e bicicleta de Jackson Mart\u00ednez"},"content":{"rendered":"<p>O FC Porto Vintage goleou (6-1) as Legends da Eslov\u00e1quia em dia de espect\u00e1culo colombiano. Jackson Mart\u00ednez anotou um \u00abpoker\u00bb, tendo at\u00e9 feito um dos golos de bicicleta, no miniest\u00e1dio do Olival, perante mais de mil adeptos.<\/p>\n<p>Do lado dos drag\u00f5es, Bruno Vale, Jorge Fucile, Bruno Alves, Nuno Andr\u00e9 Coelho, Rolando, Marek Cech, Paulo Assun\u00e7\u00e3o, Pedro Mendes, Ricardo Quaresma, H\u00e9lder Barbosa e Jackson Mart\u00ednez foram os eleitos para o onze titular.\u00a0<\/p>\n<p>Os eslovacos alinharam com Jan Mucha, Lubomir Guldan, Marian Had, Milan Ivana, Tomas Majtan, Branislav Obzera, Robert Semenik, Filip Holosko, Milos Glonek, Tomas Hubocan e Miroslav Karhan.\u00a0<\/p>\n<p>Os golos da goleada foram anotados por H\u00e9lder Barbosa (10m), Jackson Mart\u00ednez (12m, 21m, 72m e 80m) e Pedro Mendes (24m).<\/p>\n<p>O FC Porto Vintage voltar a entrar no relvado no pr\u00f3ximo fim-de-semana, em Arcos de Valdevez, para participar no The Game of Legends.<\/p>\n<p><strong>J\u00e1 segue o\u00a0<a href=\"http:\/\/whatsapp.com\/channel\/0029Va9lGKPGOj9nW79Pd117\" title=\"http:\/\/whatsapp.com\/channel\/0029Va9lGKPGOj9nW79Pd117\" rel=\"nofollow noopener\" target=\"_blank\">canal de Whatsapp do Maisfutebol<\/a>?<\/strong>\u00a0<\/p>\n","protected":false},"excerpt":{"rendered":"O FC Porto Vintage goleou (6-1) as Legends da Eslov\u00e1quia em dia de espect\u00e1culo colombiano. Jackson Mart\u00ednez anotou&hellip;\n","protected":false},"author":2,"featured_media":106812,"comment_status":"","ping_status":"","sticky":false,"template":"","format":"standard","meta":{"footnotes":""},"categories":[87],"tags":[135,282,25561,25559,25560,46,11040,32,33,47,134],"class_list":{"0":"post-106811","1":"post","2":"type-post","3":"status-publish","4":"format-standard","5":"has-post-thumbnail","7":"category-desporto","8":"tag-desporto","9":"tag-fc-porto","10":"tag-fc-porto-vintage","11":"tag-jackson-martinez","12":"tag-legendas-da-eslovaquia","13":"tag-maisfutebol","14":"tag-poker","15":"tag-portugal","16":"tag-pt","17":"tag-pura-paixao","18":"tag-sports"},"share_on_mastodon":{"url":"","error":""},"_links":{"self":[{"href":"https:\/\/www.europesays.com\/pt\/wp-json\/wp\/v2\/posts\/106811","targetHints":{"allow":["GET"]}}],"collection":[{"href":"https:\/\/www.europesays.com\/pt\/wp-json\/wp\/v2\/posts"}],"about":[{"href":"https:\/\/www.europesays.com\/pt\/wp-json\/wp\/v2\/types\/post"}],"author":[{"embeddable":true,"href":"https:\/\/www.europesays.com\/pt\/wp-json\/wp\/v2\/users\/2"}],"replies":[{"embeddable":true,"href":"https:\/\/www.europesays.com\/pt\/wp-json\/wp\/v2\/comments?post=106811"}],"version-history":[{"count":0,"href":"https:\/\/www.europesays.com\/pt\/wp-json\/wp\/v2\/posts\/106811\/revisions"}],"wp:featuredmedia":[{"embeddable":true,"href":"https:\/\/www.europesays.com\/pt\/wp-json\/wp\/v2\/media\/106812"}],"wp:attachment":[{"href":"https:\/\/www.europesays.com\/pt\/wp-json\/wp\/v2\/media?parent=106811"}],"wp:term":[{"taxonomy":"category","embeddable":true,"href":"https:\/\/www.europesays.com\/pt\/wp-json\/wp\/v2\/categories?post=106811"},{"taxonomy":"post_tag","embeddable":true,"href":"https:\/\/www.europesays.com\/pt\/wp-json\/wp\/v2\/tags?post=106811"}],"curies":[{"name":"wp","href":"https:\/\/api.w.org\/{rel}","templated":true}]}}