{"id":106815,"date":"2025-10-11T20:59:07","date_gmt":"2025-10-11T20:59:07","guid":{"rendered":"https:\/\/www.europesays.com\/pt\/106815\/"},"modified":"2025-10-11T20:59:07","modified_gmt":"2025-10-11T20:59:07","slug":"venezuela-ativa-plano-de-defesa-em-mais-3-estados-contra-ameacas-dos-eua","status":"publish","type":"post","link":"https:\/\/www.europesays.com\/pt\/106815\/","title":{"rendered":"Venezuela ativa plano de defesa em mais 3 estados contra &#8220;amea\u00e7as&#8221; dos EUA"},"content":{"rendered":"<p>Segundo avan\u00e7a a ag\u00eancia espanhola de not\u00edcias Efe, aquele plano, que inclui civis armados, policias e militares, tem como objetivo continuar a prepara\u00e7\u00e3o do povo venezuelano, das for\u00e7as policiais e da For\u00e7a Armada Nacional Bolivariana (FANB) para &#8220;enfrentar as diferentes amea\u00e7as que pairam sobre a p\u00e1tria&#8221;, citando o ministro do Interior da Venezuela, Diosdado Cabello.<\/p>\n<p>O &#8220;Independ\u00eancia 200&#8221; foi agora ativado nos estados de Anzo\u00e1tegui, Monagas e Bol\u00edva, que se somam assim a outras cinco regi\u00f5es onde j\u00e1 foi ativado nos \u00faltimos dias, aponta a Efe.<\/p>\n<p>&#8220;Estes exerc\u00edcios n\u00e3o t\u00eam nada a ver com nos enfurnarmos numa trincheira para ver o que acontece, n\u00e3o, n\u00e3o, ou esperar que o inimigo se desgaste sozinho, n\u00e3o, n\u00e3o. O inimigo vai se desgastar, mas pelas nossas a\u00e7\u00f5es permanentes de hostilidade, de n\u00e3o os deixar dormir, de n\u00e3o os deixar descansar, de lev\u00e1-los ao desespero, (&#8230;) de aparecermos em todos os lugares de qualquer maneira&#8221;, assegurou Cabelo, a partir de Monagas, numa transmiss\u00e3o televisiva do canal estatal VTV.<\/p>\n<p>Segundo avisou aquele ministro do Governo liderado de Nic\u00f3las Maduro, embora o Estado tenha &#8220;o monop\u00f3lio das armas do pa\u00eds&#8221;, estas est\u00e3o agora &#8220;nas m\u00e3os do povo da Venezuela, garante leg\u00edtimo da soberania e da independ\u00eancia&#8221;, apelando \u00e0 &#8220;resist\u00eancia ativa e prolongada&#8221;.<\/p>\n<p>&#8220;O mundo deve saber que, por muitas amea\u00e7as, por muito cerco, por muitas persegui\u00e7\u00f5es, por muitos ataques \u00e0 p\u00e1tria de (Sim\u00f3n) Bol\u00edvar, aconte\u00e7a o que acontecer, n\u00f3s venceremos. Viva a p\u00e1tria! (&#8230;) Aqui est\u00e3o, homens e mulheres simples, homens e mulheres com a sua espingarda ao ombro, com a sua espingarda ao peito, para defender a p\u00e1tria, com a sua espingarda, com a sua faca, com a sua lan\u00e7a&#8221;, cita a Efe.<\/p>\n<p>Atrav\u00e9s da rede Telegram, o presidente Nicol\u00e1s Maduro justificou a ativa\u00e7\u00e3o do &#8220;Independ\u00eancia 200&#8221; naqueles estados apontando que constituem &#8220;um corredor vital do pa\u00eds que vai do mar das Cara\u00edbas at\u00e9 ao (rio) Orinoco e at\u00e9 ao sul da fronteira com o Brasil&#8221;.<\/p>\n<p>Nicolas Maduro explicou ainda que as chamadas Zonas Operacionais de Defesa Integral (ZODI) ser\u00e3o ativadas &#8220;dia a dia&#8221; e &#8220;estado a estado&#8221;, sendo que desde quarta-feira foram ativas as ZODI nas regi\u00f5es costeiras de Carabobo, La Guaira, Aragua, Falc\u00f3n e Zulia, esta \u00faltima na fronteira com a Col\u00f4mbia.<\/p>\n<p>Na sexta-feira, o ministro da Defesa venezuelano, Vladimir Padrino L\u00f3pez, anunciou que est\u00e3o a ser levados a cabe exerc\u00edcios em cumprimento de 27 tarefas &#8220;contra a campanha a\u00e9rea e o desgaste sistem\u00e1tico&#8221; dos EUA que pretendem &#8220;evitar a paralisia estrat\u00e9gica&#8221; na Venezuela.<\/p>\n<p>Entre as tarefas a cumprir, sublinhou, est\u00e1 a verifica\u00e7\u00e3o das &#8220;reservas alimentares, a disponibilidade hospitalar, o uso de r\u00e1dios comunit\u00e1rias e de todos os meios de comunica\u00e7\u00e3o dispon\u00edveis&#8221;.<\/p>\n<p>Os Estados Unidos defendem que a decis\u00e3o de enviar um destacamento militar \u00e9 uma opera\u00e7\u00e3o contra o alegado tr\u00e1fico de drogas a partir da Venezuela, ao passo que o Governo de Maduro insiste que se trata de &#8220;uma amea\u00e7a&#8221; para provocar uma &#8220;mudan\u00e7a de regime&#8221;.<\/p>\n<p>Leia Tamb\u00e9m: <a href=\"https:\/\/www.noticiasaominuto.com\/mundo\/2868774\/venezuela-pede-a-onu-acoes-concretas-para-evitar-catastrofe-na-regiao\" target=\"_blank\" rel=\"noreferrer noopener nofollow\">Venezuela pede \u00e0 ONU a\u00e7\u00f5es concretas para evitar cat\u00e1strofe na regi\u00e3o<\/a><\/p>\n","protected":false},"excerpt":{"rendered":"Segundo avan\u00e7a a ag\u00eancia espanhola de not\u00edcias Efe, aquele plano, que inclui civis armados, policias e militares, tem&hellip;\n","protected":false},"author":2,"featured_media":106816,"comment_status":"","ping_status":"","sticky":false,"template":"","format":"standard","meta":{"footnotes":""},"categories":[50],"tags":[27,28,15,16,14,25,26,21,22,62,12,13,19,20,23,24,17,18,29,30,31,63,64,65],"class_list":{"0":"post-106815","1":"post","2":"type-post","3":"status-publish","4":"format-standard","5":"has-post-thumbnail","7":"category-mundo","8":"tag-breaking-news","9":"tag-breakingnews","10":"tag-featured-news","11":"tag-featurednews","12":"tag-headlines","13":"tag-latest-news","14":"tag-latestnews","15":"tag-main-news","16":"tag-mainnews","17":"tag-mundo","18":"tag-news","19":"tag-noticias","20":"tag-noticias-principais","21":"tag-noticiasprincipais","22":"tag-principais-noticias","23":"tag-principaisnoticias","24":"tag-top-stories","25":"tag-topstories","26":"tag-ultimas","27":"tag-ultimas-noticias","28":"tag-ultimasnoticias","29":"tag-world","30":"tag-world-news","31":"tag-worldnews"},"share_on_mastodon":{"url":"","error":""},"_links":{"self":[{"href":"https:\/\/www.europesays.com\/pt\/wp-json\/wp\/v2\/posts\/106815","targetHints":{"allow":["GET"]}}],"collection":[{"href":"https:\/\/www.europesays.com\/pt\/wp-json\/wp\/v2\/posts"}],"about":[{"href":"https:\/\/www.europesays.com\/pt\/wp-json\/wp\/v2\/types\/post"}],"author":[{"embeddable":true,"href":"https:\/\/www.europesays.com\/pt\/wp-json\/wp\/v2\/users\/2"}],"replies":[{"embeddable":true,"href":"https:\/\/www.europesays.com\/pt\/wp-json\/wp\/v2\/comments?post=106815"}],"version-history":[{"count":0,"href":"https:\/\/www.europesays.com\/pt\/wp-json\/wp\/v2\/posts\/106815\/revisions"}],"wp:featuredmedia":[{"embeddable":true,"href":"https:\/\/www.europesays.com\/pt\/wp-json\/wp\/v2\/media\/106816"}],"wp:attachment":[{"href":"https:\/\/www.europesays.com\/pt\/wp-json\/wp\/v2\/media?parent=106815"}],"wp:term":[{"taxonomy":"category","embeddable":true,"href":"https:\/\/www.europesays.com\/pt\/wp-json\/wp\/v2\/categories?post=106815"},{"taxonomy":"post_tag","embeddable":true,"href":"https:\/\/www.europesays.com\/pt\/wp-json\/wp\/v2\/tags?post=106815"}],"curies":[{"name":"wp","href":"https:\/\/api.w.org\/{rel}","templated":true}]}}