{"id":106819,"date":"2025-10-11T21:01:11","date_gmt":"2025-10-11T21:01:11","guid":{"rendered":"https:\/\/www.europesays.com\/pt\/106819\/"},"modified":"2025-10-11T21:01:11","modified_gmt":"2025-10-11T21:01:11","slug":"ruben-neves-de-inicio-no-meio-campo","status":"publish","type":"post","link":"https:\/\/www.europesays.com\/pt\/106819\/","title":{"rendered":"R\u00faben Neves de in\u00edcio no meio-campo"},"content":{"rendered":"<p>N\u00e3o h\u00e1 grandes novidades nas escolhas para a equipa inicial de Roberto Mart\u00ednez para a rece\u00e7\u00e3o desta noite de Portugal \u00e0 Rep\u00fablica da Irlanda, em encontro da terceira jornada do Grupo F da qualifica\u00e7\u00e3o europeia para o Mundial 2026.<\/p>\n<p><a href=\"https:\/\/sportinforma.sapo.pt\/\" target=\"_blank\" rel=\"noreferrer noopener nofollow\">&#8211; Tudo sobre o desporto nacional e internacional em<b id=\"s-b-embed-68\" data-stringify-type=\"bold\">\u00a0<\/b><b>sportinforma.sapo.pt &#8211;<\/b><\/a><\/p>\n<p>Diogo Dalot vai jogar de in\u00edcio na lateral direita, com Cancelo de fora por les\u00e3o, e R\u00faben Neves ser\u00e1 titular no meio-campo, eona aus\u00eancia do tamb\u00e9m lesionado Jo\u00e3o Neves. Na frente, Pedro Neto e Bernardo Silva v\u00e3o estar no apoio a Cristiano Ronaldo.<\/p>\n<p><strong>Onze de Portugal <\/strong><\/p>\n<p>Diogo Costa; Diogo Dalot, R\u00faben Dias, Gon\u00e7alo In\u00e1cio, Nuno Mendes; R\u00faben Neves, Vitinha, Bruno Fernandes; Pedro Neto, Bernardo Silva e Cristiano Ronaldo.<\/p>\n<p><strong>Suplentes:<\/strong> Jos\u00e9 S\u00e1, Rui Silva, N\u00e9lson Semedo, Ant\u00f3nio Silva, Jo\u00e3o Palhinha, Gon\u00e7alo Ramos, Pedro Gon\u00e7alves, Renato Veiga, Matheus Nunes, Francisco Trinc\u00e3o, Rafael Le\u00e3o e Francisco Concei\u00e7\u00e3o.<\/p>\n<p><strong>Onze da Irlanda<\/strong><\/p>\n<p>Kelleher; O\u2019Brien, Collins e O\u2019Shea; Coleman, Cullen, Molumby e Manning; Ebosele e Ogbene; Ferguson<\/p>\n<p><strong>Suplentes:<\/strong> Bazunu, Travers, Parrott, Idah, Azaz, Dunne, Ferry, Taylor, Egan, McAteer, Smallbone e Johnston.<\/p>\n","protected":false},"excerpt":{"rendered":"N\u00e3o h\u00e1 grandes novidades nas escolhas para a equipa inicial de Roberto Mart\u00ednez para a rece\u00e7\u00e3o desta noite&hellip;\n","protected":false},"author":2,"featured_media":106820,"comment_status":"","ping_status":"","sticky":false,"template":"","format":"standard","meta":{"footnotes":""},"categories":[8],"tags":[27,28,15,16,14,25,26,21,22,12,13,19,20,32,23,24,33,17,18,29,30,31],"class_list":{"0":"post-106819","1":"post","2":"type-post","3":"status-publish","4":"format-standard","5":"has-post-thumbnail","7":"category-principais-noticias","8":"tag-breaking-news","9":"tag-breakingnews","10":"tag-featured-news","11":"tag-featurednews","12":"tag-headlines","13":"tag-latest-news","14":"tag-latestnews","15":"tag-main-news","16":"tag-mainnews","17":"tag-news","18":"tag-noticias","19":"tag-noticias-principais","20":"tag-noticiasprincipais","21":"tag-portugal","22":"tag-principais-noticias","23":"tag-principaisnoticias","24":"tag-pt","25":"tag-top-stories","26":"tag-topstories","27":"tag-ultimas","28":"tag-ultimas-noticias","29":"tag-ultimasnoticias"},"share_on_mastodon":{"url":"","error":""},"_links":{"self":[{"href":"https:\/\/www.europesays.com\/pt\/wp-json\/wp\/v2\/posts\/106819","targetHints":{"allow":["GET"]}}],"collection":[{"href":"https:\/\/www.europesays.com\/pt\/wp-json\/wp\/v2\/posts"}],"about":[{"href":"https:\/\/www.europesays.com\/pt\/wp-json\/wp\/v2\/types\/post"}],"author":[{"embeddable":true,"href":"https:\/\/www.europesays.com\/pt\/wp-json\/wp\/v2\/users\/2"}],"replies":[{"embeddable":true,"href":"https:\/\/www.europesays.com\/pt\/wp-json\/wp\/v2\/comments?post=106819"}],"version-history":[{"count":0,"href":"https:\/\/www.europesays.com\/pt\/wp-json\/wp\/v2\/posts\/106819\/revisions"}],"wp:featuredmedia":[{"embeddable":true,"href":"https:\/\/www.europesays.com\/pt\/wp-json\/wp\/v2\/media\/106820"}],"wp:attachment":[{"href":"https:\/\/www.europesays.com\/pt\/wp-json\/wp\/v2\/media?parent=106819"}],"wp:term":[{"taxonomy":"category","embeddable":true,"href":"https:\/\/www.europesays.com\/pt\/wp-json\/wp\/v2\/categories?post=106819"},{"taxonomy":"post_tag","embeddable":true,"href":"https:\/\/www.europesays.com\/pt\/wp-json\/wp\/v2\/tags?post=106819"}],"curies":[{"name":"wp","href":"https:\/\/api.w.org\/{rel}","templated":true}]}}