{"id":106825,"date":"2025-10-11T21:06:09","date_gmt":"2025-10-11T21:06:09","guid":{"rendered":"https:\/\/www.europesays.com\/pt\/106825\/"},"modified":"2025-10-11T21:06:09","modified_gmt":"2025-10-11T21:06:09","slug":"diane-keaton-apoiou-woody-allen-de-acusacao-de-estupro","status":"publish","type":"post","link":"https:\/\/www.europesays.com\/pt\/106825\/","title":{"rendered":"Diane Keaton apoiou Woody Allen de acusa\u00e7\u00e3o de estupro"},"content":{"rendered":"<p class=\"bullet mt-0\" data-v-232111b4=\"\">Diane Keaton<a href=\"https:\/\/www.uol.com.br\/splash\/noticias\/2025\/10\/11\/morre-diane-keaton-atriz-vencedora-do-oscar-aos-79-anos.htm\" rel=\"nofollow noopener\" target=\"_blank\"> morreu neste s\u00e1bado, aos 79 anos, na Calif\u00f3rnia, nos Estados Unidos.<\/a> A atriz foi um dos nomes que defendeu <a href=\"https:\/\/www.uol.com.br\/splash\/noticias\/2021\/03\/08\/filha-de-woody-allen-tudo-foi-usado-contra-mim-em-denuncia-de-abuso.htm\" rel=\"nofollow noopener\" target=\"_blank\">Woody Allen<\/a>, 89, de acusa\u00e7\u00f5es de estupro.<\/p>\n<p>O que aconteceu<\/p>\n<p class=\"bullet\" data-v-232111b4=\"\"><strong>Em 2018, a atriz declarou lealdade ao cineasta, publicando no X, antigo Twitter, o link da participa\u00e7\u00e3o do artista no programa 60 Minutes, onde se defende da acusa\u00e7\u00e3o de estupro. <\/strong>&#8220;Woody Allen \u00e9 meu amigo e continuo acreditando nele. Veja esta entrevista de 1992 e pense a respeito&#8221;, escreveu na ocasi\u00e3o.<\/p>\n<p class=\"bullet\" data-v-232111b4=\"\"><strong>Em 1992, Mia Farrow, ent\u00e3o parceira de Allen, o acusou de ter abusado sexualmente da filha adotiva, Dylan Farrow, com sete anos na \u00e9poca.<\/strong> Allen sempre negou a viol\u00eancia sexual e foi considerado inocente quando m\u00e9dicos n\u00e3o encontraram sinais de estupro na crian\u00e7a.<\/p>\n","protected":false},"excerpt":{"rendered":"Diane Keaton morreu neste s\u00e1bado, aos 79 anos, na Calif\u00f3rnia, nos Estados Unidos. A atriz foi um dos&hellip;\n","protected":false},"author":2,"featured_media":106826,"comment_status":"","ping_status":"","sticky":false,"template":"","format":"standard","meta":{"footnotes":""},"categories":[141],"tags":[114,115,149,150,32,33],"class_list":{"0":"post-106825","1":"post","2":"type-post","3":"status-publish","4":"format-standard","5":"has-post-thumbnail","7":"category-musica","8":"tag-entertainment","9":"tag-entretenimento","10":"tag-music","11":"tag-musica","12":"tag-portugal","13":"tag-pt"},"share_on_mastodon":{"url":"","error":""},"_links":{"self":[{"href":"https:\/\/www.europesays.com\/pt\/wp-json\/wp\/v2\/posts\/106825","targetHints":{"allow":["GET"]}}],"collection":[{"href":"https:\/\/www.europesays.com\/pt\/wp-json\/wp\/v2\/posts"}],"about":[{"href":"https:\/\/www.europesays.com\/pt\/wp-json\/wp\/v2\/types\/post"}],"author":[{"embeddable":true,"href":"https:\/\/www.europesays.com\/pt\/wp-json\/wp\/v2\/users\/2"}],"replies":[{"embeddable":true,"href":"https:\/\/www.europesays.com\/pt\/wp-json\/wp\/v2\/comments?post=106825"}],"version-history":[{"count":0,"href":"https:\/\/www.europesays.com\/pt\/wp-json\/wp\/v2\/posts\/106825\/revisions"}],"wp:featuredmedia":[{"embeddable":true,"href":"https:\/\/www.europesays.com\/pt\/wp-json\/wp\/v2\/media\/106826"}],"wp:attachment":[{"href":"https:\/\/www.europesays.com\/pt\/wp-json\/wp\/v2\/media?parent=106825"}],"wp:term":[{"taxonomy":"category","embeddable":true,"href":"https:\/\/www.europesays.com\/pt\/wp-json\/wp\/v2\/categories?post=106825"},{"taxonomy":"post_tag","embeddable":true,"href":"https:\/\/www.europesays.com\/pt\/wp-json\/wp\/v2\/tags?post=106825"}],"curies":[{"name":"wp","href":"https:\/\/api.w.org\/{rel}","templated":true}]}}