{"id":106827,"date":"2025-10-11T21:07:09","date_gmt":"2025-10-11T21:07:09","guid":{"rendered":"https:\/\/www.europesays.com\/pt\/106827\/"},"modified":"2025-10-11T21:07:09","modified_gmt":"2025-10-11T21:07:09","slug":"elijah-wood-garante-que-o-novo-filme-de-o-senhor-dos-aneis-nos-levara-de-volta-a-trilogia-original","status":"publish","type":"post","link":"https:\/\/www.europesays.com\/pt\/106827\/","title":{"rendered":"Elijah Wood garante que o novo filme de O Senhor dos An\u00e9is nos levar\u00e1 de volta \u00e0 trilogia original"},"content":{"rendered":"<p>\n                        O Senhor dos An\u00e9is promete retornar em grande estilo\n                    <\/p>\n<ul class=\"article__header__author\">\n<li class=\"article__header__author__item\">\n                                                Por:<br \/>\n                                                                                    Victor Bianchin \/ Xataka\n                                                                        <\/li>\n<\/ul>\n<p>\n                                                                                                                                                                                                                            11 out<br \/>\n                                    2025<br \/>\n                                     &#8211; 12h15\n                                <\/p>\n<p>\n                                                                                                            (atualizado \u00e0s 16h18)\n                                                                    <\/p>\n<p><img loading=\"lazy\" decoding=\"async\" alt=\"\" class=\"img-4a50ed5682cb98e061eff1d919006bb984af9ce4\" height=\"516\" src=\"https:\/\/www.europesays.com\/pt\/wp-content\/uploads\/2025\/10\/1000268646-13662000.jpeg\"  title=\"Xataka\" width=\"774\"\/><\/p>\n<p>\nFoto: Xataka\n<\/p>\n<p class=\"text\">Um dos filmes mais aguardados dos pr\u00f3ximos anos, sem d\u00favida, \u00e9 The Hunt for Gollum. O novo filme do universo de O Senhor dos An\u00e9is trar\u00e1 de volta os m\u00edticos personagens que vimos h\u00e1 mais de 20 anos, mas tamb\u00e9m reunir\u00e1 quase toda a equipe criativa da saga original.<\/p>\n<p class=\"text\">Foi o que revelou Elijah Wood, que interpretou o pr\u00f3prio Frodo na saga, durante uma confer\u00eancia na DesertCon, no M\u00e9xico. Ele afirmou que \u00e9 como voltar \u00e0 trilogia original, j\u00e1 que n\u00e3o apenas os atores retornam, mas tamb\u00e9m os principais respons\u00e1veis e membros da equipe, reutilizando muitos locais da Nova Zel\u00e2ndia com os mesmos profissionais.<\/p>\n<blockquote><p>\n  &#8220;O mais emocionante \u00e9 que, na verdade, o time criativo original est\u00e1 se reunindo novamente. O grupo de mentes por tr\u00e1s de O Senhor dos An\u00e9is \u2014 Fran, Peter, Philippa \u2014 est\u00e1 muito envolvido. E, al\u00e9m disso, os mesmos diretores de arte. As filmagens ser\u00e3o na Nova Zel\u00e2ndia, ent\u00e3o haver\u00e1 muita continuidade com todas as pessoas que fizeram parte de O Senhor dos An\u00e9is, e isso me entusiasma demais. Parece como colocar aquela velha m\u00e1quina para funcionar novamente, mas com todas as pessoas certas.&#8221;\n<\/p><\/blockquote>\n<p class=\"text\">Como conta Wood, embora tenham se passado mais de 20 anos desde o \u00faltimo filme (sem contar O Hobbit), o esp\u00edrito ser\u00e1 exatamente o mesmo que vimos em uma das melhores trilogias da hist\u00f3ria, permitindo que muitos f\u00e3s revivam, v\u00e1rias d\u00e9cadas depois, esse universo t\u00e3o incr\u00edvel.<\/p>\n<p class=\"text\">Na verdade, \u00e9 uma not\u00edcia extremamente boa, j\u00e1 que, embora O Hobbit tenha sido uma trilogia medianamente divertida, parece que &#8230;<\/p>\n<p class=\"text\"><a href=\"https:\/\/www.xataka.com.br\/filmes-e-series\/elenco-original-esta-muito-envolvido-elijah-wood-garante-que-novo-filme-senhor-dos-aneis-nos-levara-volta-a-trilogia-original\" rel=\"nofollow noopener\" target=\"_blank\">Veja mais<\/a><\/p>\n<p class=\"text\"><b>Mat\u00e9rias relacionadas<\/b><\/p>\n<p class=\"text\"><a href=\"https:\/\/www.xataka.com.br\/filmes-e-series\/criador-dos-efeitos-matrix-revela-seu-significado-quando-neo-desvia-balas-ele-esta-explicando-filme-para-voce\" rel=\"nofollow noopener\" target=\"_blank\"> O criador dos efeitos de &#8216;Matrix&#8217; revela seu significado: &#8220;Quando Neo desvia de balas, ele est\u00e1 explicando o filme para voc\u00ea&#8221; <\/a><\/p>\n<p class=\"text\"><a href=\"https:\/\/www.xataka.com.br\/diversos\/medo-e-tormento-acabaram-os-vermes-gigantes-da-areia-do-popular-jogo-sobrevivencia-em-mundo-aberto-se-tornaram-um-incomodo-menor-para-os-jogadores-dune-awakening\" rel=\"nofollow noopener\" target=\"_blank\"> O medo e o tormento acabaram: os vermes gigantes da areia do popular jogo de sobreviv\u00eancia em mundo aberto se tornaram um inc\u00f4modo menor para os jogadores de &#8216;Dune: Awakening&#8217; <\/a><\/p>\n<p class=\"text\"><a href=\"https:\/\/www.xataka.com.br\/filmes-e-series\/estrela-hobbit-martin-freeman-sabe-exatamente-que-a-adaptacao-cinematografica-deste-livro-fantasia-continua-relevante-52-anos-depois\" rel=\"nofollow noopener\" target=\"_blank\"> Estrela de &#8216;O Hobbit&#8217;, Martin Freeman sabe exatamente por que a adapta\u00e7\u00e3o cinematogr\u00e1fica deste livro de fantasia continua relevante 52 anos depois <\/a><\/p>\n<p class=\"text\"><a href=\"https:\/\/www.xataka.com.br\/filmes-e-series\/a-liga-da-justica-do-universo-absolute-inspira-tudo-respeito-e-nao-ha-um-unico-super-heroi-em-suas-fileiras\" rel=\"nofollow noopener\" target=\"_blank\"> A Liga da Justi\u00e7a do universo Absolute inspira tudo, menos respeito, e n\u00e3o h\u00e1 um \u00fanico super-her\u00f3i em suas fileiras <\/a><\/p>\n<p class=\"text\"><a href=\"https:\/\/www.xataka.com.br\/filmes-e-series\/em-1998-um-diretor-alemao-fez-um-filme-godzilla-e-tao-ruim-que-ate-a-trilha-sonora-do-filme-zomba-dele\" rel=\"nofollow noopener\" target=\"_blank\"> Em 1998, um diretor alem\u00e3o fez um filme de Godzilla, mas \u00e9 t\u00e3o ruim que at\u00e9 a trilha sonora do filme zomba dele <\/a><\/p>\n","protected":false},"excerpt":{"rendered":"O Senhor dos An\u00e9is promete retornar em grande estilo Por: Victor Bianchin \/ Xataka 11 out 2025 &#8211;&hellip;\n","protected":false},"author":2,"featured_media":106828,"comment_status":"","ping_status":"","sticky":false,"template":"","format":"standard","meta":{"footnotes":""},"categories":[140],"tags":[114,115,147,148,146,32,33],"class_list":{"0":"post-106827","1":"post","2":"type-post","3":"status-publish","4":"format-standard","5":"has-post-thumbnail","7":"category-filmes","8":"tag-entertainment","9":"tag-entretenimento","10":"tag-film","11":"tag-filmes","12":"tag-movies","13":"tag-portugal","14":"tag-pt"},"share_on_mastodon":{"url":"","error":""},"_links":{"self":[{"href":"https:\/\/www.europesays.com\/pt\/wp-json\/wp\/v2\/posts\/106827","targetHints":{"allow":["GET"]}}],"collection":[{"href":"https:\/\/www.europesays.com\/pt\/wp-json\/wp\/v2\/posts"}],"about":[{"href":"https:\/\/www.europesays.com\/pt\/wp-json\/wp\/v2\/types\/post"}],"author":[{"embeddable":true,"href":"https:\/\/www.europesays.com\/pt\/wp-json\/wp\/v2\/users\/2"}],"replies":[{"embeddable":true,"href":"https:\/\/www.europesays.com\/pt\/wp-json\/wp\/v2\/comments?post=106827"}],"version-history":[{"count":0,"href":"https:\/\/www.europesays.com\/pt\/wp-json\/wp\/v2\/posts\/106827\/revisions"}],"wp:featuredmedia":[{"embeddable":true,"href":"https:\/\/www.europesays.com\/pt\/wp-json\/wp\/v2\/media\/106828"}],"wp:attachment":[{"href":"https:\/\/www.europesays.com\/pt\/wp-json\/wp\/v2\/media?parent=106827"}],"wp:term":[{"taxonomy":"category","embeddable":true,"href":"https:\/\/www.europesays.com\/pt\/wp-json\/wp\/v2\/categories?post=106827"},{"taxonomy":"post_tag","embeddable":true,"href":"https:\/\/www.europesays.com\/pt\/wp-json\/wp\/v2\/tags?post=106827"}],"curies":[{"name":"wp","href":"https:\/\/api.w.org\/{rel}","templated":true}]}}