{"id":106843,"date":"2025-10-11T21:25:12","date_gmt":"2025-10-11T21:25:12","guid":{"rendered":"https:\/\/www.europesays.com\/pt\/106843\/"},"modified":"2025-10-11T21:25:12","modified_gmt":"2025-10-11T21:25:12","slug":"nota-10-o-documentario-terceirao-um-ano-quatro-vidas-da-globo-o-globo","status":"publish","type":"post","link":"https:\/\/www.europesays.com\/pt\/106843\/","title":{"rendered":"Nota 10: o document\u00e1rio &#039;Terceir\u00e3o \u2014 Um ano, quatro vidas&#039;, da Globo &#8211; O Globo"},"content":{"rendered":"<ol>\n<li><a href=\"https:\/\/news.google.com\/rss\/articles\/CBMitwFBVV95cUxNSzRrbmVUQklheGZSUDZaVGhIUkdJTGM4S3F4US05U3NsTXNrOWRkWW43NnJxYnkwTHNYWjNoVnh1eU53amd5WldsOG5lYXZaWmxrVFdPZHhJbHExOS04bkphNGQyMHlpWE5tT0lneFpqMmxYYUthZ3hUM21nZ3B4U1d4OVQwUVJLN3NIMlNzbVNfcWQ5Yjc2dXBsbk9IRVJQX3BGd1h6LW1lYWVfVFpnTGZ0VGJ1TWPSAcYBQVVfeXFMT0FQWmdxSGZvT1ZReTByQkZsNmdEaEppS3ZxMnNocFNnWFlQaTZucnVpQ2JaZW9JQ0ZPdEdVaUdaNlBqcUVzNTk1VlFHWHo3bGdCc0gxeDMzZndCMWVybFNwM204SnZsN1B6MWlWZXotakdOQkhIOHRHZWhKSFo0U3otQUpRdVlJSjBqMUJoZllFNmhTbU54NFA0TGN3QXA3dUFwRHA1ZkVBYnJnUUxqMHBkTUhzN3NxTFZ2XzRNWS1rMk5YLTFn?oc=5\" target=\"_blank\" rel=\"nofollow noopener\">Nota 10: o document\u00e1rio &#8216;Terceir\u00e3o \u2014 Um ano, quatro vidas&#8217;, da Globo<\/a>&nbsp;&nbsp;O Globo<\/li>\n<li><a href=\"https:\/\/news.google.com\/rss\/articles\/CBMiyAFBVV95cUxPZTJMQTN3RXVqTDN6N1N3ME9EMFZrRlpPbjczSWxNT3EyTE9GQTJLMjFMYUhKTjZhNmZmRUY2NFFxZ3J2ampCM24xbDFIc194RWVHVm1weDN1eG92cjRlN04zb05tdnhZdkI1cE5xajd1NDd4U1QwN2RLdDlId0ktSDh6ZXVseEV3UG5EeTZaSlNxMFZuMVNTd0RZWURDZ0tEaFFLRXlJSDFLaTByQTd4LVRFTHNWb3hnR0VKR0xxaEZBSFlwdGxlSdIBzgFBVV95cUxNcFVOSlJCTG9KeS1SWnAyWUZmcTFsYzJ0TTY1Y3hzNVZGUVNpaFphb2VyQkhsNFhRbXU5QnRnd2pja3QzSEZka1hTLWdmN2VnN3FIUXc0eUUyM3NtTTdKdjdkbEhyNzR2WG0xeHZBUFdCSnJnNGR1MFVoYW96bDRRQlhOaUNJNHJ1VDlEdEZsZThVNnotV0RRSkg3Y0drbVUtQTVyNUhaek5YcFV4YVl5ODM0SnllWC1CQUlUZDVHQk1tZWQwTVIxT0VaRmptQQ?oc=5\" target=\"_blank\" rel=\"nofollow noopener\">Document\u00e1rio retrata press\u00f5es acad\u00eamicas e emocionais no fim do ensino m\u00e9dio<\/a>&nbsp;&nbsp;Folha de S.Paulo<\/li>\n<li><a href=\"https:\/\/news.google.com\/rss\/articles\/CBMihAFBVV95cUxOVDczY3BSY250N0dCWkhHYWkxWms2OVhRMUlSZkI5VnVQdDBKWk5oekRlelU2eXNzU3M2eXRKaTN2RXh4dk5zZ2ttTzJza2VWRVZnaTM0dnhqVGhPSGluTmdaZ20wVENpaEFpYld5WWJDOUt5UUdVMnN3c2NiS3ZRQnRtOWM?oc=5\" target=\"_blank\" rel=\"nofollow noopener\">Terceir\u00e3o | Document\u00e1rio exp\u00f5e as dores e del\u00edcias do adeus \u00e0 vida escolar<\/a>&nbsp;&nbsp;poltronanerd.com.br<\/li>\n<li><a href=\"https:\/\/news.google.com\/rss\/articles\/CBMizAFBVV95cUxOLThXMVRSYl9IWkN6eDlZekNEX19ONzBJTDNMa3FVdTdfT01FZ29EYXVXUUM2UWQ4YXBCWFh4SGVNVFM1bjN2ZFp2RHR5VUZaNzJMdm94ZlRxMGhtYTdySk1WdHowUDVobGFpMUk5ck9PcmJhQjZCMTJSQ3lWSkNObGJ5YTFud3VPUy1JcnRFLUJBTDcwUzExVDFPU2ZPM0dMcGNFclBuVGxXMElPZENvRVJZZDl3Q051X2JpTmZvRl9fQk5OR2F6YmgtQlc?oc=5\" target=\"_blank\" rel=\"nofollow noopener\">Document\u00e1rio \u201cTerceir\u00e3o \u2013 Um ano, quatro vidas\u201d mergulha nos sonhos, dores e dilemas do \u00faltimo ano do Ensino M\u00e9dio<\/a>&nbsp;&nbsp;Poltrona Vip<\/li>\n<li><a href=\"https:\/\/news.google.com\/rss\/articles\/CBMivgFBVV95cUxQYjNSQmVTRXJyUUQwXzc4RWpMN0hlZkstNF9VTHNjVjFCS3lRSVdlRmhtSnVpUG9JRTFyV0RWcGRheEZfZ3Jhd19ZM25KbklKY0JZdXN4OERnMi1JaW5rRk5PNlVCUUFTWkx4aGZxOEczbnNvS1lLaldwc1dyUHhSNHEwSjNRWmpwdm9HLWRLbUw4Rk9uYWwwSmZvcVNJcEZ6eE9EZEVCcVZFRzlncmItRGNET2FBTjI0N3ZQOEV30gHMAUFVX3lxTE1uR2dDTjUtdGZkbHVPNVRXQy1GaW04eFlSMk5CUnJneF9MZmZ6dlZUdG52MlktRUxsMG1NZktSeFZ5ZFdGbHFsYk1HTzVLVHhiUkhEa1ZCYU9jYmdNRG5NZ3g5NmRFREhoNVdhN0lTTFpDMW42NHpOUWFMMHg0VmowVnpqUWN6X1R1U3VnVGhFYVZzSjRBanQ5SWZkbmxVWkNBajhuZUp6TWJoM1lEUWQ1LTY2dkhaRnJoeTRGWHNSWkxYTDE2UF9Wakd5ZQ?oc=5\" target=\"_blank\" rel=\"nofollow noopener\">Filme documental mostra a vida de 4 jovens que enfrentam o Enem<\/a>&nbsp;&nbsp;G1<\/li>\n<\/ol>\n","protected":false},"excerpt":{"rendered":"Nota 10: o document\u00e1rio &#8216;Terceir\u00e3o \u2014 Um ano, quatro vidas&#8217;, da Globo&nbsp;&nbsp;O Globo Document\u00e1rio retrata press\u00f5es acad\u00eamicas e&hellip;\n","protected":false},"author":2,"featured_media":106844,"comment_status":"","ping_status":"","sticky":false,"template":"","format":"standard","meta":{"footnotes":""},"categories":[140],"tags":[114,115,147,148,146,32,33,679],"class_list":{"0":"post-106843","1":"post","2":"type-post","3":"status-publish","4":"format-standard","5":"has-post-thumbnail","7":"category-filmes","8":"tag-entertainment","9":"tag-entretenimento","10":"tag-film","11":"tag-filmes","12":"tag-movies","13":"tag-portugal","14":"tag-pt","15":"tag-reportagem"},"share_on_mastodon":{"url":"","error":""},"_links":{"self":[{"href":"https:\/\/www.europesays.com\/pt\/wp-json\/wp\/v2\/posts\/106843","targetHints":{"allow":["GET"]}}],"collection":[{"href":"https:\/\/www.europesays.com\/pt\/wp-json\/wp\/v2\/posts"}],"about":[{"href":"https:\/\/www.europesays.com\/pt\/wp-json\/wp\/v2\/types\/post"}],"author":[{"embeddable":true,"href":"https:\/\/www.europesays.com\/pt\/wp-json\/wp\/v2\/users\/2"}],"replies":[{"embeddable":true,"href":"https:\/\/www.europesays.com\/pt\/wp-json\/wp\/v2\/comments?post=106843"}],"version-history":[{"count":0,"href":"https:\/\/www.europesays.com\/pt\/wp-json\/wp\/v2\/posts\/106843\/revisions"}],"wp:featuredmedia":[{"embeddable":true,"href":"https:\/\/www.europesays.com\/pt\/wp-json\/wp\/v2\/media\/106844"}],"wp:attachment":[{"href":"https:\/\/www.europesays.com\/pt\/wp-json\/wp\/v2\/media?parent=106843"}],"wp:term":[{"taxonomy":"category","embeddable":true,"href":"https:\/\/www.europesays.com\/pt\/wp-json\/wp\/v2\/categories?post=106843"},{"taxonomy":"post_tag","embeddable":true,"href":"https:\/\/www.europesays.com\/pt\/wp-json\/wp\/v2\/tags?post=106843"}],"curies":[{"name":"wp","href":"https:\/\/api.w.org\/{rel}","templated":true}]}}