{"id":106851,"date":"2025-10-11T21:31:24","date_gmt":"2025-10-11T21:31:24","guid":{"rendered":"https:\/\/www.europesays.com\/pt\/106851\/"},"modified":"2025-10-11T21:31:24","modified_gmt":"2025-10-11T21:31:24","slug":"eliminadas-mutacoes-geneticas-que-originam-alguns-dos-cancros-mais-mortais","status":"publish","type":"post","link":"https:\/\/www.europesays.com\/pt\/106851\/","title":{"rendered":"eliminadas muta\u00e7\u00f5es gen\u00e9ticas que originam alguns dos cancros mais mortais"},"content":{"rendered":"<p><strong>Investigadores da Universidade de Granada, em Espanha, conseguiram <\/strong><a href=\"https:\/\/www.infosalus.com\/salud-investigacion\/noticia-investigadores-desarrollan-modelos-preclinicos-terapia-detectar-destruir-celulas-tumorales-20251007182143.html?_gl=1*1etvmwg*_ga*MjMyMjE2NDk1LjE3NTgzMDc3NjE.*_ga_2HWC8HS3FS*czE3NTk5MTQxODUkbzMkZzEkdDE3NTk5MTQxOTkkajU5JGwwJGgxNzU2MTMyMTQ0\" target=\"_blank\" rel=\"noreferrer noopener nofollow\">detetar e eliminar muta\u00e7\u00f5es no gene KRAS<\/a><strong> que podem impulsionar o desenvolvimento de v\u00e1rios tipos de cancro, avan\u00e7ou esta semana a <\/strong><a href=\"https:\/\/www.europapress.es\/\" target=\"_blank\" rel=\"noreferrer noopener nofollow\">Europa Press<\/a><strong>.<\/strong><\/p>\n<blockquote><p> &#8220;O estudo representa um marco ao demonstrar que \u00e9 poss\u00edvel eliminar muta\u00e7\u00f5es-chave diretamente do ADN tumoral. (&#8230;) Pode redefinir a forma como abordamos certos tipos de cancro&#8221;, disse o professor da  <a href=\"https:\/\/www.ugr.es\/\" target=\"_blank\" rel=\"noreferrer noopener nofollow\">Universidade de Granada<\/a>  e l\u00edder da investiga\u00e7\u00e3o do Genyo,  <a href=\"https:\/\/www.linkedin.com\/in\/pedromedinavico\/\" target=\"_blank\" rel=\"noreferrer noopener nofollow\">Pedro P. Medina<\/a> . <\/p><\/blockquote>\n<p>O <strong>gene KRAS atua como um interruptor molecular<\/strong> que informa as c\u00e9lulas sobre quando devem crescer e dividir-se, segundo os investigadores do <a href=\"https:\/\/www.genyo.es\/en\/\" target=\"_blank\" rel=\"noreferrer noopener nofollow\">Centro de Investiga\u00e7\u00e3o Gen\u00f3mica e Oncol\u00f3gica da Pfizer da Universidade de Granada<\/a> e do Governo Regional da Andaluzia, que realizaram o estudo, em Espanha.<\/p>\n<p>\u201cInterruptor molecular\u201d fora de controlo<\/p>\n<p>De acordo com o estudo, <a href=\"https:\/\/www.nature.com\/articles\/s41467-025-62350-4\" target=\"_blank\" rel=\"noreferrer noopener nofollow\">publicado na revista cient\u00edfica Nature Communications<\/a>, <strong>quando o KRAS sofre uma muta\u00e7\u00e3o, &#8220;este interruptor fica preso na posi\u00e7\u00e3o ligado&#8221;, causando uma multiplica\u00e7\u00e3o descontrolada&#8221; que resulta em tumores agressivos e um mau progn\u00f3stico<\/strong> (previs\u00e3o sobre o desenvolvimento de uma doen\u00e7a), refere a Europa Press.<\/p>\n<p>As muta\u00e7\u00f5es do gene KRAS causam<strong> cancro do pulm\u00e3o, do p\u00e2ncreas e do c\u00f3lon, alguns dos mais letais<\/strong>, segundo a investiga\u00e7\u00e3o.<\/p>\n<p>Para <strong>eliminar as muta\u00e7\u00f5es associadas ao crescimento tumoral, <\/strong><strong>os investigadores desenvolveram uma terapia baseada no sistema de edi\u00e7\u00e3o gen\u00e9tica HiFi-Cas9.<\/strong><\/p>\n<blockquote><p> &#8220;Em vez de bloquear a prote\u00edna j\u00e1 produzida pela c\u00e9lula, pensamos eliminar a muta\u00e7\u00e3o na sua origem gen\u00e9tica. Desta forma, o tumor perde a base para o seu crescimento&#8221;, indicou Medina. <\/p><\/blockquote>\n<p>Edi\u00e7\u00e3o gen\u00e9tica de &#8220;alta fidelidade&#8221; mostra resultados promissores<\/p>\n<p>O sistema utilizado permite aos cientistas <strong>editar o DNA com precis\u00e3o<\/strong>, cortando e modificando genes espec\u00edficos para tratar doen\u00e7as, sendo este, uma vers\u00e3o de <strong>&#8220;alta fidelidade do sistema de edi\u00e7\u00e3o gen\u00e9tica CRISPR-Cas9&#8221;<\/strong>, segundo a Europa Press.<\/p>\n<p>A <strong>estrat\u00e9gia foi validada em testes com c\u00e9lulas e em tecidos de ratos com cancro do pulm\u00e3o.<\/strong><\/p>\n<p>Nas c\u00e9lulas, a edi\u00e7\u00e3o gen\u00e9tica <strong>&#8220;reduziu drasticamente a viabilidade das c\u00e9lulas tumorais portadoras do KRAS mutado&#8221;<\/strong>, segundo a Europa Press.<\/p>\n<p>Nos tecidos de ratos, a edi\u00e7\u00e3o com HiFi-Cas9 atrasou <strong>&#8220;significativamente o crescimento tumoral&#8221;<\/strong> e em alguns casos, a efic\u00e1cia foi ainda superior \u00e0 do medicamento para o cancro do pulm\u00e3o Sotorasibe, segundo a mesma fonte.<\/p>\n<p>Medina indicou que <strong>a terapia ainda n\u00e3o pode ser usada nos pacientes e destacou que \u00e9 necess\u00e1rio descobrir como utilizar a edi\u00e7\u00e3o com HiFi-Cas9 de forma eficiente<\/strong>, garantindo a seguran\u00e7a dos utentes a longo prazo.<\/p>\n<p>Com LUSA<\/p>\n","protected":false},"excerpt":{"rendered":"Investigadores da Universidade de Granada, em Espanha, conseguiram detetar e eliminar muta\u00e7\u00f5es no gene KRAS que podem impulsionar&hellip;\n","protected":false},"author":2,"featured_media":106852,"comment_status":"","ping_status":"","sticky":false,"template":"","format":"standard","meta":{"footnotes":""},"categories":[50],"tags":[27,28,15,16,14,25,26,21,22,62,12,13,19,20,23,24,17,18,29,30,31,63,64,65],"class_list":{"0":"post-106851","1":"post","2":"type-post","3":"status-publish","4":"format-standard","5":"has-post-thumbnail","7":"category-mundo","8":"tag-breaking-news","9":"tag-breakingnews","10":"tag-featured-news","11":"tag-featurednews","12":"tag-headlines","13":"tag-latest-news","14":"tag-latestnews","15":"tag-main-news","16":"tag-mainnews","17":"tag-mundo","18":"tag-news","19":"tag-noticias","20":"tag-noticias-principais","21":"tag-noticiasprincipais","22":"tag-principais-noticias","23":"tag-principaisnoticias","24":"tag-top-stories","25":"tag-topstories","26":"tag-ultimas","27":"tag-ultimas-noticias","28":"tag-ultimasnoticias","29":"tag-world","30":"tag-world-news","31":"tag-worldnews"},"share_on_mastodon":{"url":"","error":""},"_links":{"self":[{"href":"https:\/\/www.europesays.com\/pt\/wp-json\/wp\/v2\/posts\/106851","targetHints":{"allow":["GET"]}}],"collection":[{"href":"https:\/\/www.europesays.com\/pt\/wp-json\/wp\/v2\/posts"}],"about":[{"href":"https:\/\/www.europesays.com\/pt\/wp-json\/wp\/v2\/types\/post"}],"author":[{"embeddable":true,"href":"https:\/\/www.europesays.com\/pt\/wp-json\/wp\/v2\/users\/2"}],"replies":[{"embeddable":true,"href":"https:\/\/www.europesays.com\/pt\/wp-json\/wp\/v2\/comments?post=106851"}],"version-history":[{"count":0,"href":"https:\/\/www.europesays.com\/pt\/wp-json\/wp\/v2\/posts\/106851\/revisions"}],"wp:featuredmedia":[{"embeddable":true,"href":"https:\/\/www.europesays.com\/pt\/wp-json\/wp\/v2\/media\/106852"}],"wp:attachment":[{"href":"https:\/\/www.europesays.com\/pt\/wp-json\/wp\/v2\/media?parent=106851"}],"wp:term":[{"taxonomy":"category","embeddable":true,"href":"https:\/\/www.europesays.com\/pt\/wp-json\/wp\/v2\/categories?post=106851"},{"taxonomy":"post_tag","embeddable":true,"href":"https:\/\/www.europesays.com\/pt\/wp-json\/wp\/v2\/tags?post=106851"}],"curies":[{"name":"wp","href":"https:\/\/api.w.org\/{rel}","templated":true}]}}