{"id":106853,"date":"2025-10-11T21:33:18","date_gmt":"2025-10-11T21:33:18","guid":{"rendered":"https:\/\/www.europesays.com\/pt\/106853\/"},"modified":"2025-10-11T21:33:18","modified_gmt":"2025-10-11T21:33:18","slug":"marcel-matz-estou-satisfeito-com-a-equipa-nao-com-o-resultado","status":"publish","type":"post","link":"https:\/\/www.europesays.com\/pt\/106853\/","title":{"rendered":"Marcel Matz: \u00abEstou satisfeito com a equipa, n\u00e3o com o resultado\u00bb"},"content":{"rendered":"<p>Finalista vencido na final\u00edssima da Superta\u00e7a frente ao Sporting por 3-1, com parciais de 25-23, 25-17, 24-26 e 25-23, Marcel Matz n\u00e3o conseguiu levar o trof\u00e9u de volta para a Luz depois de o ter conquistado pela \u00faltima ocasi\u00e3o em 2023.<\/p>\n<p>Seria o 13.\u00ba das \u00e1guias, e 12.\u00aa nas \u00faltimas 15 edi\u00e7\u00f5es, mas tendo apenas dominado o 3.\u00ba set e lutado at\u00e9 ao fim no 4.\u00ba, com o \u00faltima igualdade a 19-19, a Superta\u00e7a seguiu para Alvalade pela quinta ocasi\u00e3o.<\/p>\n<p>\u00a0\u00abPenso que o jogo teve dois momentos. O primeiro em que o Sporting foi superior. Depois equilibramos, jog\u00e1mos melhor no 3.\u00ba set e no 4.\u00ba, mesmo com o placard mais apertado, tivemos duas sequ\u00eancias de servi\u00e7o que entrou e causou bastante dificuldade. Uma at\u00e9 falh\u00e1mos no sistema ofensivo, que devia ser mais controlado, e na segundo houve um servi\u00e7o mais forte. J\u00e1 n\u00e3o conseguimos colocar um servi\u00e7o que causasse problemas e desse pontos de break para voltarmos a igualar o resultado\u00bb, foi contando o t\u00e9cnico brasileiro em declara\u00e7\u00f5es \u00e0 Sport TV.<\/p>\n<p>\u00abEm parte estou satisfeito por ter sido a primeira apresenta\u00e7\u00e3o da equipa, mas n\u00e3o com o resultado. Viemos com o objetivo de ganhar. Essa \u00e9 a nossa meta como equipa. Vamos continuar a trabalhar, a trabalhar duro, que vamos ter bons desafios pela frente\u00bb, foi contando Matz que considerou que os refor\u00e7os dos encarnados \u00abentraram bem\u00bb.<\/p>\n<p>\u00abAlguns chegaram um pouco mais tarde, est\u00e3o a conhecer a casa, o Ivo [Casas] e o [Tiago] Violas precisam de os conhecer melhor. Estou satisfeito com algumas coisas, com outras n\u00e3o. \u00c9 o in\u00edcio da temporada. Acho que esta \u00e9poca ainda vai ser mais competitiva que a anterior. Vai ser bem equilibrada. N\u00e3o s\u00f3 n\u00f3s, a partir de agora vamos come\u00e7ar a tamb\u00e9m apanhar os outros advers\u00e1rios, que montaram equipas para tentar fazer um bom campeonato. A tend\u00eancia \u00e9 haver mais equil\u00edbrio. Espero que exista bastante porque \u00e9 bom para\u00a0 o voleibol\u00bb, referiu.<\/p>\n<p>\u00abN\u00e3o, n\u00e3o estou preocupado por ter perdido este trof\u00e9u para o Sporting. Em sete anos ganhei 14 t\u00edtulos. Perdi um agora que queria vencer. Todo o projeto do Benfica \u00e9 feito para vencer as competi\u00e7\u00f5es nacionais, isso n\u00e3o \u00e9 uma novidade, \u00e9 s\u00f3 ver a qualidade dos jogadores, mas esta \u00e9 uma temporada que apenas est\u00e1 a come\u00e7ar. As duas equipas chegaram aqui com igual qualidade, n\u00f3s perdemos e houve m\u00e9rito para o Sporting, mas ainda h\u00e1 muita coisa pela frente\u00bb, rematou Marcel Matz.\u00a0\u00a0<\/p>\n","protected":false},"excerpt":{"rendered":"Finalista vencido na final\u00edssima da Superta\u00e7a frente ao Sporting por 3-1, com parciais de 25-23, 25-17, 24-26 e&hellip;\n","protected":false},"author":2,"featured_media":106854,"comment_status":"","ping_status":"","sticky":false,"template":"","format":"standard","meta":{"footnotes":""},"categories":[8],"tags":[27,28,15,16,14,25,26,21,22,12,13,19,20,32,23,24,33,17,18,29,30,31],"class_list":{"0":"post-106853","1":"post","2":"type-post","3":"status-publish","4":"format-standard","5":"has-post-thumbnail","7":"category-principais-noticias","8":"tag-breaking-news","9":"tag-breakingnews","10":"tag-featured-news","11":"tag-featurednews","12":"tag-headlines","13":"tag-latest-news","14":"tag-latestnews","15":"tag-main-news","16":"tag-mainnews","17":"tag-news","18":"tag-noticias","19":"tag-noticias-principais","20":"tag-noticiasprincipais","21":"tag-portugal","22":"tag-principais-noticias","23":"tag-principaisnoticias","24":"tag-pt","25":"tag-top-stories","26":"tag-topstories","27":"tag-ultimas","28":"tag-ultimas-noticias","29":"tag-ultimasnoticias"},"share_on_mastodon":{"url":"","error":""},"_links":{"self":[{"href":"https:\/\/www.europesays.com\/pt\/wp-json\/wp\/v2\/posts\/106853","targetHints":{"allow":["GET"]}}],"collection":[{"href":"https:\/\/www.europesays.com\/pt\/wp-json\/wp\/v2\/posts"}],"about":[{"href":"https:\/\/www.europesays.com\/pt\/wp-json\/wp\/v2\/types\/post"}],"author":[{"embeddable":true,"href":"https:\/\/www.europesays.com\/pt\/wp-json\/wp\/v2\/users\/2"}],"replies":[{"embeddable":true,"href":"https:\/\/www.europesays.com\/pt\/wp-json\/wp\/v2\/comments?post=106853"}],"version-history":[{"count":0,"href":"https:\/\/www.europesays.com\/pt\/wp-json\/wp\/v2\/posts\/106853\/revisions"}],"wp:featuredmedia":[{"embeddable":true,"href":"https:\/\/www.europesays.com\/pt\/wp-json\/wp\/v2\/media\/106854"}],"wp:attachment":[{"href":"https:\/\/www.europesays.com\/pt\/wp-json\/wp\/v2\/media?parent=106853"}],"wp:term":[{"taxonomy":"category","embeddable":true,"href":"https:\/\/www.europesays.com\/pt\/wp-json\/wp\/v2\/categories?post=106853"},{"taxonomy":"post_tag","embeddable":true,"href":"https:\/\/www.europesays.com\/pt\/wp-json\/wp\/v2\/tags?post=106853"}],"curies":[{"name":"wp","href":"https:\/\/api.w.org\/{rel}","templated":true}]}}