{"id":106859,"date":"2025-10-11T21:38:37","date_gmt":"2025-10-11T21:38:37","guid":{"rendered":"https:\/\/www.europesays.com\/pt\/106859\/"},"modified":"2025-10-11T21:38:37","modified_gmt":"2025-10-11T21:38:37","slug":"morre-diane-keaton-que-venceu-oscar-com-woody-allen-11-10-2025-ilustrada","status":"publish","type":"post","link":"https:\/\/www.europesays.com\/pt\/106859\/","title":{"rendered":"Morre Diane Keaton, que venceu Oscar com Woody Allen &#8211; 11\/10\/2025 &#8211; Ilustrada"},"content":{"rendered":"<p>Morreu neste s\u00e1bado (11), a atriz Diane Keaton, aos 79 anos, na <a href=\"https:\/\/www1.folha.uol.com.br\/folha-topicos\/california\/\" rel=\"nofollow noopener\" target=\"_blank\">Calif\u00f3rnia<\/a>, nos <a href=\"https:\/\/www1.folha.uol.com.br\/folha-topicos\/estados-unidos\/\" rel=\"nofollow noopener\" target=\"_blank\">Estados Unidos<\/a>. A causa da morte n\u00e3o foi divulgada. As informa\u00e7\u00f5es foram confirmadas pela revista <a href=\"https:\/\/people.com\/diane-keaton-dead-oscar-winning-actress-dies-at-79-exclusive-8603118\" rel=\"nofollow noopener\" target=\"_blank\">People<\/a>.<\/p>\n<p>Nome consagrado de <a href=\"https:\/\/www1.folha.uol.com.br\/folha-topicos\/hollywood\/\" rel=\"nofollow noopener\" target=\"_blank\">Hollywood<\/a>, Keaton venceu o Oscar de melhor atriz em 1978 por sua atua\u00e7\u00e3o em &#8220;Noivo Neur\u00f3tico, Noiva Nervosa&#8221;, de <a href=\"https:\/\/www1.folha.uol.com.br\/folha-topicos\/woody-allen\/\" rel=\"nofollow noopener\" target=\"_blank\">Woody Allen<\/a>.<\/p>\n<p>A artista despontou na Broadway em 1969, protagonizando &#8220;Play It Again, Sam&#8221;, uma com\u00e9dia de sucesso com Allen, com quem se envolveu romanticamente durante a temporada.<\/p>\n<p>A atriz despertou a aten\u00e7\u00e3o da meca do <a href=\"https:\/\/www1.folha.uol.com.br\/folha-topicos\/cinema\/\" rel=\"nofollow noopener\" target=\"_blank\">cinema<\/a> ao interpretar Kay Adams, a namorada que mais tarde se casaria com o mafioso Michael Corleone, papel de Al Pacino, em &#8220;O Poderoso Chef\u00e3o&#8221;, de 1972, e &#8220;O Poderoso Chef\u00e3o: Parte 2&#8221;, de 1974, ambos dirigidos por <a href=\"https:\/\/www1.folha.uol.com.br\/folha-topicos\/francis-ford-coppola\/\" rel=\"nofollow noopener\" target=\"_blank\">Francis Ford Coppola<\/a>.<\/p>\n<p>Mesmo depois de deixarem de ser um casal, Diane e Allen voltaram a trabalhar juntos em produ\u00e7\u00f5es como &#8220;Sonhos de um Sedutor, de 1972, a adapta\u00e7\u00e3o da pe\u00e7a da Broadway de 1969 na vers\u00e3o cinematogr\u00e1fica de Herbert Ross.<\/p>\n<p>Diane tamb\u00e9m atuou ao lado de Allen na com\u00e9dia de fic\u00e7\u00e3o cient\u00edfica &#8220;O Dorminhoco&#8221;, de 1973, e &#8220;A \u00daltima Noite de Boris Grushenko&#8221;, de 1975, antes de interpretar a charmosamente desajeitada Annie Hall, no filme que a consagraria em 1978 como melhor atriz.<\/p>\n<p>Os dois tamb\u00e9m repetiram a parceria em &#8220;Interiores&#8221;, de 1978, e na com\u00e9dia rom\u00e2ntica de 1979 &#8220;Manhattan&#8221;.<\/p>\n<p>A atriz recebeu ainda mais tr\u00eas indica\u00e7\u00f5es ao Oscar de melhor atriz, por sua atua\u00e7\u00e3o em &#8220;Reds&#8221;, de 1981, &#8220;As Filhas de Marvin&#8221;, 1996, e &#8220;Algu\u00e9m Tem que Ceder&#8221;, de 2003.<\/p>\n<p>Ao longo de sua carreira, Diane tamb\u00e9m atuou como como diretora, com destaque no videoclipe de 1987 da m\u00fasica &#8220;Heaven Is a Place on Earth&#8221;, da vocalista do Go-Go, Belinda Carlisle.<\/p>\n<p>Ela ainda dirigiu epis\u00f3dios das s\u00e9ries &#8220;China Beach&#8221; e &#8220;Twin Peaks&#8221; e um epis\u00f3dio da s\u00e9rie da Fox &#8220;Pasadena&#8221;. Al\u00e9m de ter sido uma das produtoras do aclamado filme de Gus Van Sant inspirado no massacre de Columbine, &#8220;Elephant&#8221;, de 2003.<\/p>\n<p>Diane publicou livros de mem\u00f3rias como &#8220;Then Again&#8221;, de 2011, e &#8220;Let&#8217;s Just Say It Wasn&#8217;t Pretty&#8221;, de 2015, em que discorria sobre a vida, a beleza e o envelhecimento.<\/p>\n<p>O t\u00edtulo vem de um momento em que os procedimentos est\u00e9ticos eram tema de conversa familiar quando ela era pequena. Ao ver uma foto do ator Dean Martin antes da cirurgia no nariz, a m\u00e3e de Diane comentou: &#8220;Vamos dizer apenas que n\u00e3o era bonito&#8221;.<\/p>\n<p>Na publica\u00e7\u00e3o, ela afirma sobre si mesma: &#8220;\u00c9 preciso for\u00e7a para assumir suas imperfei\u00e7\u00f5es. As pessoas me perguntam por que nunca fiz pl\u00e1stica. A verdade \u00e9 que eu respeito tanto as mulheres que fizeram quanto as que n\u00e3o fizeram&#8221;.<\/p>\n<p>Ela ainda relata momentos de seus relacionamentos, amorosos e profissionais, com Allen, Warren Beatty, Jack Nicholson e Al Pacino, comentando: &#8220;Tentei de tudo para fazer dele um marido; falhei. O que aprendi? Nunca se apaixone pelo Poderoso Chef\u00e3o&#8221;.<\/p>\n<p>Sua \u00faltima atua\u00e7\u00e3o foi na com\u00e9dia &#8220;Summer Camp&#8221;, de 2024, que acompanha tr\u00eas amigas de inf\u00e2ncia que passavam todos os ver\u00f5es juntas em um acampamento.<\/p>\n<p>Keaton, que nunca se casou, deixa dois filhos que adotou quando j\u00e1 tinha 50 anos, Dexter e Duke.<\/p>\n<p>Este texto est\u00e1 em atualiza\u00e7\u00e3o.<\/p>\n","protected":false},"excerpt":{"rendered":"Morreu neste s\u00e1bado (11), a atriz Diane Keaton, aos 79 anos, na Calif\u00f3rnia, nos Estados Unidos. A causa&hellip;\n","protected":false},"author":2,"featured_media":106860,"comment_status":"","ping_status":"","sticky":false,"template":"","format":"standard","meta":{"footnotes":""},"categories":[141],"tags":[207,25574,8662,470,114,115,235,236,6644,2595,3670,149,150,32,33,13813],"class_list":{"0":"post-106859","1":"post","2":"type-post","3":"status-publish","4":"format-standard","5":"has-post-thumbnail","7":"category-musica","8":"tag-arte","9":"tag-broadway","10":"tag-california","11":"tag-cinema","12":"tag-entertainment","13":"tag-entretenimento","14":"tag-estados-unidos","15":"tag-folha","16":"tag-francis-ford-coppola","17":"tag-hollywood","18":"tag-los-angeles","19":"tag-music","20":"tag-musica","21":"tag-portugal","22":"tag-pt","23":"tag-woody-allen"},"share_on_mastodon":{"url":"","error":""},"_links":{"self":[{"href":"https:\/\/www.europesays.com\/pt\/wp-json\/wp\/v2\/posts\/106859","targetHints":{"allow":["GET"]}}],"collection":[{"href":"https:\/\/www.europesays.com\/pt\/wp-json\/wp\/v2\/posts"}],"about":[{"href":"https:\/\/www.europesays.com\/pt\/wp-json\/wp\/v2\/types\/post"}],"author":[{"embeddable":true,"href":"https:\/\/www.europesays.com\/pt\/wp-json\/wp\/v2\/users\/2"}],"replies":[{"embeddable":true,"href":"https:\/\/www.europesays.com\/pt\/wp-json\/wp\/v2\/comments?post=106859"}],"version-history":[{"count":0,"href":"https:\/\/www.europesays.com\/pt\/wp-json\/wp\/v2\/posts\/106859\/revisions"}],"wp:featuredmedia":[{"embeddable":true,"href":"https:\/\/www.europesays.com\/pt\/wp-json\/wp\/v2\/media\/106860"}],"wp:attachment":[{"href":"https:\/\/www.europesays.com\/pt\/wp-json\/wp\/v2\/media?parent=106859"}],"wp:term":[{"taxonomy":"category","embeddable":true,"href":"https:\/\/www.europesays.com\/pt\/wp-json\/wp\/v2\/categories?post=106859"},{"taxonomy":"post_tag","embeddable":true,"href":"https:\/\/www.europesays.com\/pt\/wp-json\/wp\/v2\/tags?post=106859"}],"curies":[{"name":"wp","href":"https:\/\/api.w.org\/{rel}","templated":true}]}}